{"id":10333,"date":"2026-02-27T11:14:08","date_gmt":"2026-02-27T14:14:08","guid":{"rendered":"https:\/\/cardenal-newman.edu\/?p=10333"},"modified":"2026-02-27T11:25:35","modified_gmt":"2026-02-27T14:25:35","slug":"dia-de-accion-de-gracias-por-un-nuevo-comienzo","status":"publish","type":"post","link":"https:\/\/cardenal-newman.edu\/en\/dia-de-accion-de-gracias-por-un-nuevo-comienzo\/","title":{"rendered":"D\u00eda de acci\u00f3n de gracias por un nuevo comienzo"},"content":{"rendered":"\n<p>Hay d\u00edas que quedan resonando en el coraz\u00f3n. D\u00edas para dar gracias. D\u00edas en los que una comunidad entera vuelve a encontrarse y a reconocerse en aquello que la une. As\u00ed fue la ma\u00f1ana del 25 de febrero en Newman. Comenzamos este nuevo periodo con emoci\u00f3n y alegr\u00eda compartida y con la certeza de que cada inicio es tambi\u00e9n una oportunidad para renovar nuestro compromiso de caminar juntos.<\/p>\n\n\n\n<figure class=\"wp-block-image size-large\"><img loading=\"lazy\" width=\"1024\" height=\"768\" src=\"https:\/\/cardenal-newman.edu\/media\/WhatsApp-Image-2026-02-27-at-10.59.52-1024x768.jpeg\" alt=\"\" class=\"wp-image-10336\" srcset=\"https:\/\/cardenal-newman.edu\/media\/WhatsApp-Image-2026-02-27-at-10.59.52-1024x768.jpeg 1024w, https:\/\/cardenal-newman.edu\/media\/WhatsApp-Image-2026-02-27-at-10.59.52-300x225.jpeg 300w, https:\/\/cardenal-newman.edu\/media\/WhatsApp-Image-2026-02-27-at-10.59.52-768x576.jpeg 768w, https:\/\/cardenal-newman.edu\/media\/WhatsApp-Image-2026-02-27-at-10.59.52-1536x1152.jpeg 1536w, https:\/\/cardenal-newman.edu\/media\/WhatsApp-Image-2026-02-27-at-10.59.52-240x180.jpeg 240w, https:\/\/cardenal-newman.edu\/media\/WhatsApp-Image-2026-02-27-at-10.59.52.jpeg 1600w\" sizes=\"(max-width: 1024px) 100vw, 1024px\" \/><\/figure>\n\n\n\n<p>Salva Moresco y Jean Zavala, de 6to a\u00f1o, nos conmovieron con sus palabras: Jean compartiendo su historia de vida, que nos emocion\u00f3 a todos.Y Salva, sobre su experiencia sobre el legado de Edmund Rice, explicado para los m\u00e1s peque\u00f1os. Historia que tanto bien nos hacen y nos reafirman en nuestra identidad y misi\u00f3n. <\/p>\n\n\n\n<p>Uno de los momentos m\u00e1s significativos fue el gesto de los alumnos m\u00e1s grandes hacia quienes inician su recorrido en Primaria. La entrega de la medalla de Edmund Rice y su hija Mary no es solo una tradici\u00f3n: es un s\u00edmbolo que habla de acompa\u00f1amiento, de legado. Es una manera concreta de decirles a los que llegan que no est\u00e1n solos, que forman parte de una historia que los recibe y los abraza.<\/p>\n\n\n\n<p>Comienza un a\u00f1o lleno de aprendizajes, experiencias y desaf\u00edos. Damos este primer paso sabiendo que lo hacemos en comunidad.<\/p>\n\n\n\n<figure class=\"wp-block-image size-large\"><img loading=\"lazy\" width=\"1024\" height=\"768\" src=\"https:\/\/cardenal-newman.edu\/media\/general25-1-1024x768.jpeg\" alt=\"\" class=\"wp-image-10340\" srcset=\"https:\/\/cardenal-newman.edu\/media\/general25-1-1024x768.jpeg 1024w, https:\/\/cardenal-newman.edu\/media\/general25-1-300x225.jpeg 300w, https:\/\/cardenal-newman.edu\/media\/general25-1-768x576.jpeg 768w, https:\/\/cardenal-newman.edu\/media\/general25-1-1536x1152.jpeg 1536w, https:\/\/cardenal-newman.edu\/media\/general25-1-240x180.jpeg 240w, https:\/\/cardenal-newman.edu\/media\/general25-1.jpeg 1600w\" sizes=\"(max-width: 1024px) 100vw, 1024px\" \/><\/figure>\n\n\n\n<p><\/p>\n\n\n\n<p><\/p>\n\n\n\n<p><\/p>\n","protected":false},"excerpt":{"rendered":"<p>Hay d\u00edas que quedan resonando en el coraz\u00f3n. D\u00edas para dar gracias. D\u00edas en los que una comunidad entera vuelve a encontrarse y a reconocerse en aquello que la une. As\u00ed fue la ma\u00f1ana del 25 de febrero en Newman. Comenzamos este nuevo periodo con emoci\u00f3n y alegr\u00eda compartida y con la certeza de que cada inicio es tambi\u00e9n una &hellip;<\/p>\n<p class=\"read-more\"> <a class=\"ast-button\" href=\"https:\/\/cardenal-newman.edu\/en\/dia-de-accion-de-gracias-por-un-nuevo-comienzo\/\"> <span class=\"screen-reader-text\">D\u00eda de acci\u00f3n de gracias por un nuevo comienzo<\/span> Read More \u00bb<\/a><\/p>\n","protected":false},"author":2,"featured_media":10334,"comment_status":"open","ping_status":"open","sticky":false,"template":"","format":"standard","meta":{"inline_featured_image":false,"site-sidebar-layout":"default","site-content-layout":"default","ast-global-header-display":"","ast-main-header-display":"","ast-hfb-above-header-display":"","ast-hfb-below-header-display":"","ast-hfb-mobile-header-display":"","site-post-title":"","ast-breadcrumbs-content":"","ast-featured-img":"","footer-sml-layout":"","theme-transparent-header-meta":"","adv-header-id-meta":"","stick-header-meta":"","header-above-stick-meta":"","header-main-stick-meta":"","header-below-stick-meta":""},"categories":[2549],"tags":[],"yst_prominent_words":[96,1796,1795,125,1230,187,115],"_links":{"self":[{"href":"https:\/\/cardenal-newman.edu\/en\/wp-json\/wp\/v2\/posts\/10333"}],"collection":[{"href":"https:\/\/cardenal-newman.edu\/en\/wp-json\/wp\/v2\/posts"}],"about":[{"href":"https:\/\/cardenal-newman.edu\/en\/wp-json\/wp\/v2\/types\/post"}],"author":[{"embeddable":true,"href":"https:\/\/cardenal-newman.edu\/en\/wp-json\/wp\/v2\/users\/2"}],"replies":[{"embeddable":true,"href":"https:\/\/cardenal-newman.edu\/en\/wp-json\/wp\/v2\/comments?post=10333"}],"version-history":[{"count":4,"href":"https:\/\/cardenal-newman.edu\/en\/wp-json\/wp\/v2\/posts\/10333\/revisions"}],"predecessor-version":[{"id":10346,"href":"https:\/\/cardenal-newman.edu\/en\/wp-json\/wp\/v2\/posts\/10333\/revisions\/10346"}],"wp:featuredmedia":[{"embeddable":true,"href":"https:\/\/cardenal-newman.edu\/en\/wp-json\/wp\/v2\/media\/10334"}],"wp:attachment":[{"href":"https:\/\/cardenal-newman.edu\/en\/wp-json\/wp\/v2\/media?parent=10333"}],"wp:term":[{"taxonomy":"category","embeddable":true,"href":"https:\/\/cardenal-newman.edu\/en\/wp-json\/wp\/v2\/categories?post=10333"},{"taxonomy":"post_tag","embeddable":true,"href":"https:\/\/cardenal-newman.edu\/en\/wp-json\/wp\/v2\/tags?post=10333"},{"taxonomy":"yst_prominent_words","embeddable":true,"href":"https:\/\/cardenal-newman.edu\/en\/wp-json\/wp\/v2\/yst_prominent_words?post=10333"}],"curies":[{"name":"wp","href":"https:\/\/api.w.org\/{rel}","templated":true}]}}