{"id":10435,"date":"2026-03-06T16:37:00","date_gmt":"2026-03-06T19:37:00","guid":{"rendered":"https:\/\/cardenal-newman.edu\/?p=10435"},"modified":"2026-03-07T16:52:20","modified_gmt":"2026-03-07T19:52:20","slug":"un-dia-como-hoy-inaugurabamos-newman-kinder","status":"publish","type":"post","link":"https:\/\/cardenal-newman.edu\/en\/un-dia-como-hoy-inaugurabamos-newman-kinder\/","title":{"rendered":"Un d\u00eda como hoy: Newman Kinder"},"content":{"rendered":"\n<p>Hoy celebramos con alegr\u00eda el tercer aniversario de <strong>Newman Kinder<\/strong>, un proyecto que comenz\u00f3 como un gran sue\u00f1o y que hoy es una realidad viva dentro de nuestro colegio. La comunidad se reuni\u00f3 en un <strong>Assembly muy especial<\/strong>, que culmin\u00f3 con una enorme torta de cumplea\u00f1os para festejar juntos este hito tan significativo. <\/p>\n\n\n\n<p>Parece que fue ayer cuando imagin\u00e1bamos este espacio dedicado a los m\u00e1s peque\u00f1os. Tres a\u00f1os despu\u00e9s, Newman Kinder crece y se consolida como parte fundamental del presente y del futuro del colegio.<\/p>\n\n\n\n<p>Este aniversario tambi\u00e9n nos recuerda que seguimos construyendo el <strong>Newman del futuro<\/strong>. La <strong>Etapa III del Masterplan<\/strong> contin\u00faa avanzando gracias al apoyo, la generosidad y el compromiso de tantas familias y miembros de nuestra comunidad. Cada aporte hace posible que el proyecto siga desarroll\u00e1ndose y ofreciendo nuevos espacios para el aprendizaje y el crecimiento.<\/p>\n\n\n\n<p>Durante la celebraci\u00f3n tambi\u00e9n recibimos con mucha alegr\u00eda la visita de <strong>C\u00e9sar Doretti<\/strong> y <strong>Macu Maurette<\/strong>, exalumnos del colegio que hoy participan como arquitectos y constructores en este camino de crecimiento. Su presencia fue un lindo recordatorio de c\u00f3mo el esp\u00edritu Newman atraviesa generaciones.<\/p>\n\n\n\n<p>Como en cada momento importante de la vida del colegio, compartimos tambi\u00e9n un momento de agradecimiento a nuestra Patrona, <strong>la Virgen del Perpetuo Socorro<\/strong>, poniendo bajo su protecci\u00f3n el presente y el futuro de Newman Kinder. <\/p>\n\n\n\n<p>Mirando hacia adelante, ya comenzamos a prepararnos para recibir a nuevas familias. <strong>En abril se abrir\u00e1n las inscripciones para el ciclo 2027<\/strong>, para quienes quieran sumarse a esta etapa inicial del recorrido educativo como <strong>Explorers, Adventurers y Creators<\/strong>.<\/p>\n\n\n\n<p>Los esperamos para seguir creciendo juntos.<\/p>\n\n\n\n<figure class=\"wp-block-video\"><video controls src=\"https:\/\/cardenal-newman.edu\/media\/\u00a1Hoy-festejamos-los-3-an\u0303os-de-Newman-Kinder.-Con-un-Assembly-muy-especial-y-una-gran-pero-gran-.mp4\"><\/video><\/figure>\n\n\n\n<p><\/p>\n","protected":false},"excerpt":{"rendered":"<p>Hoy celebramos con alegr\u00eda el tercer aniversario de Newman Kinder, un proyecto que comenz\u00f3 como un gran sue\u00f1o y que hoy es una realidad viva dentro de nuestro colegio. La comunidad se reuni\u00f3 en un Assembly muy especial, que culmin\u00f3 con una enorme torta de cumplea\u00f1os para festejar juntos este hito tan significativo. Parece que fue ayer cuando imagin\u00e1bamos este &hellip;<\/p>\n<p class=\"read-more\"> <a class=\"ast-button\" href=\"https:\/\/cardenal-newman.edu\/en\/un-dia-como-hoy-inaugurabamos-newman-kinder\/\"> <span class=\"screen-reader-text\">Un d\u00eda como hoy: Newman Kinder<\/span> Read More \u00bb<\/a><\/p>\n","protected":false},"author":2,"featured_media":10438,"comment_status":"open","ping_status":"open","sticky":false,"template":"","format":"standard","meta":{"inline_featured_image":false,"site-sidebar-layout":"default","site-content-layout":"default","ast-global-header-display":"","ast-main-header-display":"","ast-hfb-above-header-display":"","ast-hfb-below-header-display":"","ast-hfb-mobile-header-display":"","site-post-title":"","ast-breadcrumbs-content":"","ast-featured-img":"","footer-sml-layout":"","theme-transparent-header-meta":"","adv-header-id-meta":"","stick-header-meta":"","header-above-stick-meta":"","header-main-stick-meta":"","header-below-stick-meta":""},"categories":[2549],"tags":[],"yst_prominent_words":[2264,62,98,96,91,99,125,15,576,70,14,2993],"_links":{"self":[{"href":"https:\/\/cardenal-newman.edu\/en\/wp-json\/wp\/v2\/posts\/10435"}],"collection":[{"href":"https:\/\/cardenal-newman.edu\/en\/wp-json\/wp\/v2\/posts"}],"about":[{"href":"https:\/\/cardenal-newman.edu\/en\/wp-json\/wp\/v2\/types\/post"}],"author":[{"embeddable":true,"href":"https:\/\/cardenal-newman.edu\/en\/wp-json\/wp\/v2\/users\/2"}],"replies":[{"embeddable":true,"href":"https:\/\/cardenal-newman.edu\/en\/wp-json\/wp\/v2\/comments?post=10435"}],"version-history":[{"count":2,"href":"https:\/\/cardenal-newman.edu\/en\/wp-json\/wp\/v2\/posts\/10435\/revisions"}],"predecessor-version":[{"id":10441,"href":"https:\/\/cardenal-newman.edu\/en\/wp-json\/wp\/v2\/posts\/10435\/revisions\/10441"}],"wp:featuredmedia":[{"embeddable":true,"href":"https:\/\/cardenal-newman.edu\/en\/wp-json\/wp\/v2\/media\/10438"}],"wp:attachment":[{"href":"https:\/\/cardenal-newman.edu\/en\/wp-json\/wp\/v2\/media?parent=10435"}],"wp:term":[{"taxonomy":"category","embeddable":true,"href":"https:\/\/cardenal-newman.edu\/en\/wp-json\/wp\/v2\/categories?post=10435"},{"taxonomy":"post_tag","embeddable":true,"href":"https:\/\/cardenal-newman.edu\/en\/wp-json\/wp\/v2\/tags?post=10435"},{"taxonomy":"yst_prominent_words","embeddable":true,"href":"https:\/\/cardenal-newman.edu\/en\/wp-json\/wp\/v2\/yst_prominent_words?post=10435"}],"curies":[{"name":"wp","href":"https:\/\/api.w.org\/{rel}","templated":true}]}}