{"id":10631,"date":"2026-04-20T09:12:00","date_gmt":"2026-04-20T12:12:00","guid":{"rendered":"https:\/\/cardenal-newman.edu\/?p=10631"},"modified":"2026-04-24T09:32:29","modified_gmt":"2026-04-24T12:32:29","slug":"10631-2","status":"publish","type":"post","link":"https:\/\/cardenal-newman.edu\/en\/10631-2\/","title":{"rendered":"As\u00ed vivimos el Congreso EREBB"},"content":{"rendered":"\n<p>Esta semana vivimos con mucha alegr\u00eda el Congreso <em>Edmund Rice Education Beyond Borders<\/em> (EREBB), que reuni\u00f3 en Newman a 170 educadores y Brothers de 21 pa\u00edses, representando a todos los continentes.<\/p>\n\n\n\n<p>En esta tercera edici\u00f3n \u2014luego de India e Irlanda\u2014 nos encontramos convocados por la <em>Pedagog\u00eda del Encuentro<\/em>. Fueron d\u00edas de escucha, intercambio y reflexi\u00f3n profunda, que fortalecieron nuestra red global y dejaron una huella significativa en cada uno de los participantes.<\/p>\n\n\n\n<p>Comenzamos con la Misa de apertura, presidida por el Obispo Guillermo Caride, y a lo largo de las jornadas compartimos distintos momentos que reflejan nuestra identidad: la participaci\u00f3n del Coro, la orquesta y los exalumnos, las actividades junto a alumnos y docentes, y el encuentro con las Obras de SER y sus voluntarios.<\/p>\n\n\n\n<p>Tambi\u00e9n generamos espacios de di\u00e1logo y trabajo en torno a los desaf\u00edos actuales de la educaci\u00f3n, junto a referentes que nos ayudaron a ampliar la mirada y abrir nuevas conversaciones: Connie Bergad\u00e1 y Alberto Gossweiler, el P. James Morea y Francis Lanfranco (SER), el jesuita Dani Villanueva (Fe y Alegr\u00eda), el Cardenal \u00c1ngel Rossi, Mat\u00edas Mu\u00f1oz, Pedro Algorta, Hugo C\u00e1ceres y los j\u00f3venes del proyecto Ankyra.<\/p>\n\n\n\n<p>Durante el Congreso, compartimos adem\u00e1s una visita a la Parroquia San Jos\u00e9 de Flores, siguiendo el camino pastoral del Papa Francisco. All\u00ed fuimos recibidos por su p\u00e1rroco, Mart\u00edn Bourdieu, exalumno, y junto a los l\u00edderes regionales y a Braian Garrone, director ejecutivo de EREBB, despedimos a Wayne Tinsey, quien concluye su misi\u00f3n como embajador dejando una huella profunda en la red.<\/p>\n\n\n\n<p>Este encuentro nos impuls\u00f3 a seguir trabajando juntos, dando lugar a nuevos proyectos y renovando nuestro compromiso con una educaci\u00f3n inspirada en Edmund Rice y en el legado de los Christian Brothers: crecer en solidaridad e inclusi\u00f3n, en presencia, en compasi\u00f3n y en liberaci\u00f3n.<\/p>\n\n\n\n<p>La organizaci\u00f3n del Congreso fue posible gracias al trabajo comprometido de muchos equipos del colegio, especialmente Pastoral, junto al acompa\u00f1amiento de SER, la Asociaci\u00f3n de Padres, la Asociaci\u00f3n de Exalumnos y el Club Newman.<\/p>\n\n\n\n<p>El Congreso EREBB deja frutos que ya comienzan a crecer en comunidades educativas de distintos rincones del mundo.<\/p>\n\n\n\n<figure class=\"wp-block-embed is-type-video is-provider-youtube wp-block-embed-youtube wp-embed-aspect-16-9 wp-has-aspect-ratio\"><div class=\"wp-block-embed__wrapper\">\n<div class=\"ast-oembed-container\" style=\"height: 100%;\"><iframe loading=\"lazy\" title=\"Congreso EREBB 2026, Buenos Aires, Argentina\" width=\"500\" height=\"281\" src=\"https:\/\/www.youtube.com\/embed\/videoseries?list=PL_W-swN4QYhMO5PZPvWI-WAcMuPAIQ0DA\" frameborder=\"0\" allow=\"accelerometer; autoplay; clipboard-write; encrypted-media; gyroscope; picture-in-picture; web-share\" referrerpolicy=\"strict-origin-when-cross-origin\" allowfullscreen><\/iframe><\/div>\n<\/div><\/figure>\n","protected":false},"excerpt":{"rendered":"<p>Esta semana vivimos con mucha alegr\u00eda el Congreso Edmund Rice Education Beyond Borders (EREBB), que reuni\u00f3 en Newman a 170 educadores y Brothers de 21 pa\u00edses, representando a todos los continentes. En esta tercera edici\u00f3n \u2014luego de India e Irlanda\u2014 nos encontramos convocados por la Pedagog\u00eda del Encuentro. Fueron d\u00edas de escucha, intercambio y reflexi\u00f3n profunda, que fortalecieron nuestra red &hellip;<\/p>\n<p class=\"read-more\"> <a class=\"ast-button\" href=\"https:\/\/cardenal-newman.edu\/en\/10631-2\/\"> <span class=\"screen-reader-text\">As\u00ed vivimos el Congreso EREBB<\/span> Read More \u00bb<\/a><\/p>\n","protected":false},"author":2,"featured_media":10633,"comment_status":"open","ping_status":"open","sticky":false,"template":"","format":"standard","meta":{"inline_featured_image":false,"site-sidebar-layout":"default","site-content-layout":"default","ast-global-header-display":"","ast-main-header-display":"","ast-hfb-above-header-display":"","ast-hfb-below-header-display":"","ast-hfb-mobile-header-display":"","site-post-title":"","ast-breadcrumbs-content":"","ast-featured-img":"","footer-sml-layout":"","theme-transparent-header-meta":"","adv-header-id-meta":"","stick-header-meta":"","header-above-stick-meta":"","header-main-stick-meta":"","header-below-stick-meta":""},"categories":[2549],"tags":[],"yst_prominent_words":[2264,2294,101,3205,1796,1795,122,269,191,14,12,27,115,30],"_links":{"self":[{"href":"https:\/\/cardenal-newman.edu\/en\/wp-json\/wp\/v2\/posts\/10631"}],"collection":[{"href":"https:\/\/cardenal-newman.edu\/en\/wp-json\/wp\/v2\/posts"}],"about":[{"href":"https:\/\/cardenal-newman.edu\/en\/wp-json\/wp\/v2\/types\/post"}],"author":[{"embeddable":true,"href":"https:\/\/cardenal-newman.edu\/en\/wp-json\/wp\/v2\/users\/2"}],"replies":[{"embeddable":true,"href":"https:\/\/cardenal-newman.edu\/en\/wp-json\/wp\/v2\/comments?post=10631"}],"version-history":[{"count":2,"href":"https:\/\/cardenal-newman.edu\/en\/wp-json\/wp\/v2\/posts\/10631\/revisions"}],"predecessor-version":[{"id":10636,"href":"https:\/\/cardenal-newman.edu\/en\/wp-json\/wp\/v2\/posts\/10631\/revisions\/10636"}],"wp:featuredmedia":[{"embeddable":true,"href":"https:\/\/cardenal-newman.edu\/en\/wp-json\/wp\/v2\/media\/10633"}],"wp:attachment":[{"href":"https:\/\/cardenal-newman.edu\/en\/wp-json\/wp\/v2\/media?parent=10631"}],"wp:term":[{"taxonomy":"category","embeddable":true,"href":"https:\/\/cardenal-newman.edu\/en\/wp-json\/wp\/v2\/categories?post=10631"},{"taxonomy":"post_tag","embeddable":true,"href":"https:\/\/cardenal-newman.edu\/en\/wp-json\/wp\/v2\/tags?post=10631"},{"taxonomy":"yst_prominent_words","embeddable":true,"href":"https:\/\/cardenal-newman.edu\/en\/wp-json\/wp\/v2\/yst_prominent_words?post=10631"}],"curies":[{"name":"wp","href":"https:\/\/api.w.org\/{rel}","templated":true}]}}