{"id":1476,"date":"2020-03-07T16:05:52","date_gmt":"2020-03-07T19:05:52","guid":{"rendered":"http:\/\/sd-1728596-h00001.ferozo.net\/?p=1476"},"modified":"2020-04-09T19:02:16","modified_gmt":"2020-04-09T22:02:16","slug":"legado-brother-paul","status":"publish","type":"post","link":"https:\/\/cardenal-newman.edu\/en\/legado-brother-paul\/","title":{"rendered":"Legado Bro. Paul: Invitaci\u00f3n a ser parte"},"content":{"rendered":"\n<p>Nuestro querido Brother Paul ya est\u00e1 en el cielo &#8220;ablandando&nbsp;corazones&#8221; y nosotros queremos que su legado siga vivo. Bro Thomas O\u00b4Connell te invita a compartir una experiencia compartida junto a Paul. Estamos reuniendo testimonios para publicar un libro en su primer aniversario.&nbsp;<\/p>\n\n\n\n<figure class=\"wp-container-2 wp-block-gallery-1 wp-block-gallery columns-3 is-cropped\"><ul class=\"blocks-gallery-grid\"><li class=\"blocks-gallery-item\"><figure><img loading=\"lazy\" width=\"734\" height=\"1024\" src=\"https:\/\/cardenal-newman.edu\/media\/paul-bro-3-734x1024.jpg\" alt=\"\" data-id=\"1478\" data-link=\"https:\/\/cardenal-newman.edu\/?attachment_id=1478\" class=\"wp-image-1478\" srcset=\"https:\/\/cardenal-newman.edu\/media\/paul-bro-3-734x1024.jpg 734w, https:\/\/cardenal-newman.edu\/media\/paul-bro-3-600x838.jpg 600w, https:\/\/cardenal-newman.edu\/media\/paul-bro-3-215x300.jpg 215w, https:\/\/cardenal-newman.edu\/media\/paul-bro-3-768x1072.jpg 768w, https:\/\/cardenal-newman.edu\/media\/paul-bro-3.jpg 917w\" sizes=\"(max-width: 734px) 100vw, 734px\" \/><\/figure><\/li><li class=\"blocks-gallery-item\"><figure><img loading=\"lazy\" width=\"720\" height=\"540\" src=\"https:\/\/cardenal-newman.edu\/media\/paul-bro.jpg\" alt=\"\" data-id=\"1480\" data-link=\"https:\/\/cardenal-newman.edu\/?attachment_id=1480\" class=\"wp-image-1480\" srcset=\"https:\/\/cardenal-newman.edu\/media\/paul-bro.jpg 720w, https:\/\/cardenal-newman.edu\/media\/paul-bro-600x450.jpg 600w, https:\/\/cardenal-newman.edu\/media\/paul-bro-300x225.jpg 300w\" sizes=\"(max-width: 720px) 100vw, 720px\" \/><\/figure><\/li><li class=\"blocks-gallery-item\"><figure><img loading=\"lazy\" width=\"353\" height=\"565\" src=\"https:\/\/cardenal-newman.edu\/media\/Hermano-Paul-Bro.jpeg\" alt=\"\" data-id=\"1674\" data-full-url=\"https:\/\/cardenal-newman.edu\/media\/Hermano-Paul-Bro.jpeg\" data-link=\"https:\/\/cardenal-newman.edu\/legado-brother-paul\/hermano-paul-bro\/\" class=\"wp-image-1674\" srcset=\"https:\/\/cardenal-newman.edu\/media\/Hermano-Paul-Bro.jpeg 353w, https:\/\/cardenal-newman.edu\/media\/Hermano-Paul-Bro-187x300.jpeg 187w\" sizes=\"(max-width: 353px) 100vw, 353px\" \/><\/figure><\/li><\/ul><\/figure>\n\n\n\n<p><em>Estimados Ex Alumnos:&nbsp;En 2019&nbsp; vivimos con tristeza la repentina partida de Bro,&nbsp;Paul&nbsp;y al mismo tiempo mucha gratitud por su vida que despert\u00f3 en tantos el esp\u00edritu solidario. Queremos volver sobre las huellas de su&nbsp;legado&nbsp;para que los testimonios sigan inspirando a toda la comunidad. Por eso,&nbsp; te invitamos a compartir una o m\u00e1s an\u00e9cdotas de situaciones vividas con&nbsp;Paul&nbsp;que te hayan dejado una ense\u00f1anza\/pensamiento\/ inquietud concreta. Nuestro objetivo es unir todo en una publicaci\u00f3n.<\/em><\/p>\n\n\n\n<p><em>Te proponemos:&nbsp;<br>Describir una an\u00e9cdota de vivencia y\/o di\u00e1logo compartida con&nbsp;Paul&nbsp;que haya calado profundo en tu coraz\u00f3n.<\/em><\/p>\n\n\n\n<p><em>\u00bfEn que sentiste que te transform\u00f3 vivir esa experiencia junto a&nbsp;Paul?<br>Puede ser corto de 150 palabras o la extensi\u00f3n que necesites.<br>Te agradecemos enviar tus l\u00edneas a&nbsp;<a rel=\"noreferrer noopener\" href=\"mailto:comunicacion@cardenal-newman.edu\" target=\"_blank\">comunicacion@cardenal-newman.edu<\/a>.<br>Si te gustar\u00eda hablar en lugar de escribir te pod\u00e9s comunicar con Sol Benedit (comunicacio<a rel=\"noreferrer noopener\" href=\"mailto:n@cardenal-newman.edu\" target=\"_blank\">n@cardenal-newman.edu<\/a>)&nbsp;<br>Muchas gracias por ayudarnos,<br>God Bless<br>Br Thomas O\u00b4\u00b4Connell&nbsp;<\/em>&nbsp;<\/p>\n","protected":false},"excerpt":{"rendered":"<p>Nuestro querido Brother Paul ya est\u00e1 en el cielo &#8220;ablandando&nbsp;corazones&#8221; y nosotros queremos que su legado siga vivo. Bro Thomas O\u00b4Connell te invita a compartir una experiencia compartida junto a Paul. Estamos reuniendo testimonios para publicar un libro en su primer aniversario.&nbsp; Estimados Ex Alumnos:&nbsp;En 2019&nbsp; vivimos con tristeza la repentina partida de Bro,&nbsp;Paul&nbsp;y al mismo tiempo mucha gratitud por &hellip;<\/p>\n<p class=\"read-more\"> <a class=\"ast-button\" href=\"https:\/\/cardenal-newman.edu\/en\/legado-brother-paul\/\"> <span class=\"screen-reader-text\">Legado Bro. Paul: Invitaci\u00f3n a ser parte<\/span> Read More \u00bb<\/a><\/p>\n","protected":false},"author":1,"featured_media":1480,"comment_status":"open","ping_status":"open","sticky":false,"template":"","format":"standard","meta":{"inline_featured_image":false,"site-sidebar-layout":"default","site-content-layout":"default","ast-global-header-display":"","ast-main-header-display":"","ast-hfb-above-header-display":"","ast-hfb-below-header-display":"","ast-hfb-mobile-header-display":"","site-post-title":"","ast-breadcrumbs-content":"","ast-featured-img":"","footer-sml-layout":"","theme-transparent-header-meta":"default","adv-header-id-meta":"","stick-header-meta":"default","header-above-stick-meta":"","header-main-stick-meta":"","header-below-stick-meta":""},"categories":[8],"tags":[],"yst_prominent_words":[188,190,71,53,191,186,187,51,192,189],"_links":{"self":[{"href":"https:\/\/cardenal-newman.edu\/en\/wp-json\/wp\/v2\/posts\/1476"}],"collection":[{"href":"https:\/\/cardenal-newman.edu\/en\/wp-json\/wp\/v2\/posts"}],"about":[{"href":"https:\/\/cardenal-newman.edu\/en\/wp-json\/wp\/v2\/types\/post"}],"author":[{"embeddable":true,"href":"https:\/\/cardenal-newman.edu\/en\/wp-json\/wp\/v2\/users\/1"}],"replies":[{"embeddable":true,"href":"https:\/\/cardenal-newman.edu\/en\/wp-json\/wp\/v2\/comments?post=1476"}],"version-history":[{"count":11,"href":"https:\/\/cardenal-newman.edu\/en\/wp-json\/wp\/v2\/posts\/1476\/revisions"}],"predecessor-version":[{"id":2192,"href":"https:\/\/cardenal-newman.edu\/en\/wp-json\/wp\/v2\/posts\/1476\/revisions\/2192"}],"wp:featuredmedia":[{"embeddable":true,"href":"https:\/\/cardenal-newman.edu\/en\/wp-json\/wp\/v2\/media\/1480"}],"wp:attachment":[{"href":"https:\/\/cardenal-newman.edu\/en\/wp-json\/wp\/v2\/media?parent=1476"}],"wp:term":[{"taxonomy":"category","embeddable":true,"href":"https:\/\/cardenal-newman.edu\/en\/wp-json\/wp\/v2\/categories?post=1476"},{"taxonomy":"post_tag","embeddable":true,"href":"https:\/\/cardenal-newman.edu\/en\/wp-json\/wp\/v2\/tags?post=1476"},{"taxonomy":"yst_prominent_words","embeddable":true,"href":"https:\/\/cardenal-newman.edu\/en\/wp-json\/wp\/v2\/yst_prominent_words?post=1476"}],"curies":[{"name":"wp","href":"https:\/\/api.w.org\/{rel}","templated":true}]}}