{"id":1874,"date":"2020-03-18T11:07:19","date_gmt":"2020-03-18T14:07:19","guid":{"rendered":"https:\/\/cardenal-newman.edu\/?p=1874"},"modified":"2020-03-18T11:08:24","modified_gmt":"2020-03-18T14:08:24","slug":"17-3-san-patricio-su-historia","status":"publish","type":"post","link":"https:\/\/cardenal-newman.edu\/en\/17-3-san-patricio-su-historia\/","title":{"rendered":"17\/3: San Patricio"},"content":{"rendered":"\n<div class=\"wp-container-3 wp-block-columns\">\n<div class=\"wp-container-1 wp-block-column\">\n<figure class=\"wp-block-image size-large\"><img loading=\"lazy\" width=\"1024\" height=\"1024\" src=\"https:\/\/cardenal-newman.edu\/media\/Green-and-Orange-Woman-Musicians-Instagram-Post-Set-1024x1024.png\" alt=\"\" class=\"wp-image-1875\" srcset=\"https:\/\/cardenal-newman.edu\/media\/Green-and-Orange-Woman-Musicians-Instagram-Post-Set-1024x1024.png 1024w, https:\/\/cardenal-newman.edu\/media\/Green-and-Orange-Woman-Musicians-Instagram-Post-Set-300x300.png 300w, https:\/\/cardenal-newman.edu\/media\/Green-and-Orange-Woman-Musicians-Instagram-Post-Set-100x100.png 100w, https:\/\/cardenal-newman.edu\/media\/Green-and-Orange-Woman-Musicians-Instagram-Post-Set-600x600.png 600w, https:\/\/cardenal-newman.edu\/media\/Green-and-Orange-Woman-Musicians-Instagram-Post-Set-150x150.png 150w, https:\/\/cardenal-newman.edu\/media\/Green-and-Orange-Woman-Musicians-Instagram-Post-Set-768x768.png 768w, https:\/\/cardenal-newman.edu\/media\/Green-and-Orange-Woman-Musicians-Instagram-Post-Set-32x32.png 32w, https:\/\/cardenal-newman.edu\/media\/Green-and-Orange-Woman-Musicians-Instagram-Post-Set-48x48.png 48w, https:\/\/cardenal-newman.edu\/media\/Green-and-Orange-Woman-Musicians-Instagram-Post-Set-80x80.png 80w, https:\/\/cardenal-newman.edu\/media\/Green-and-Orange-Woman-Musicians-Instagram-Post-Set-180x180.png 180w, https:\/\/cardenal-newman.edu\/media\/Green-and-Orange-Woman-Musicians-Instagram-Post-Set.png 1080w\" sizes=\"(max-width: 1024px) 100vw, 1024px\" \/><figcaption><strong>Patrono de Irlanda<\/strong><\/figcaption><\/figure>\n<\/div>\n\n\n\n<div class=\"wp-container-2 wp-block-column\">\n<p>Patrono de Irlanda, San Patricio es testimonio de inspiraci\u00f3n. Curiosamente naci\u00f3 en Gran Breta\u00f1a y fue tomado prisionero y convertido en esclavo a los diecis\u00e9is a\u00f1os por&#8230;\u00a1los irlandeses!.  Logr\u00f3 escapar y se convirti\u00f3 en sacerdote en Roma. No dud\u00f3 en volver a Irlanda para evangelizar a los druidas y celtas. Pero lo hizo en forma muy respetuosa de sus deidades (la cruz incluye un sol, adorado por esos pueblos). Utiliz\u00f3 el trebol para explicar la Sant\u00edsima Trinidad. Vivi\u00f3 en el siglo ; su historia nos sigue inspirando.  <\/p>\n<\/div>\n<\/div>\n","protected":false},"excerpt":{"rendered":"<p>Patrono de Irlanda, San Patricio es testimonio de inspiraci\u00f3n. Curiosamente naci\u00f3 en Gran Breta\u00f1a y fue tomado prisionero y convertido en esclavo a los diecis\u00e9is a\u00f1os por&#8230;\u00a1los irlandeses!. Logr\u00f3 escapar y se convirti\u00f3 en sacerdote en Roma. No dud\u00f3 en volver a Irlanda para evangelizar a los druidas y celtas. Pero lo hizo en forma muy respetuosa de sus deidades &hellip;<\/p>\n<p class=\"read-more\"> <a class=\"ast-button\" href=\"https:\/\/cardenal-newman.edu\/en\/17-3-san-patricio-su-historia\/\"> <span class=\"screen-reader-text\">17\/3: San Patricio<\/span> Read More \u00bb<\/a><\/p>\n","protected":false},"author":2,"featured_media":1875,"comment_status":"closed","ping_status":"closed","sticky":false,"template":"","format":"standard","meta":{"inline_featured_image":false,"site-sidebar-layout":"default","site-content-layout":"default","ast-global-header-display":"","ast-main-header-display":"","ast-hfb-above-header-display":"","ast-hfb-below-header-display":"","ast-hfb-mobile-header-display":"","site-post-title":"","ast-breadcrumbs-content":"","ast-featured-img":"","footer-sml-layout":"","theme-transparent-header-meta":"default","adv-header-id-meta":"","stick-header-meta":"default","header-above-stick-meta":"","header-main-stick-meta":"","header-below-stick-meta":""},"categories":[1],"tags":[],"yst_prominent_words":[119,552,551],"_links":{"self":[{"href":"https:\/\/cardenal-newman.edu\/en\/wp-json\/wp\/v2\/posts\/1874"}],"collection":[{"href":"https:\/\/cardenal-newman.edu\/en\/wp-json\/wp\/v2\/posts"}],"about":[{"href":"https:\/\/cardenal-newman.edu\/en\/wp-json\/wp\/v2\/types\/post"}],"author":[{"embeddable":true,"href":"https:\/\/cardenal-newman.edu\/en\/wp-json\/wp\/v2\/users\/2"}],"replies":[{"embeddable":true,"href":"https:\/\/cardenal-newman.edu\/en\/wp-json\/wp\/v2\/comments?post=1874"}],"version-history":[{"count":2,"href":"https:\/\/cardenal-newman.edu\/en\/wp-json\/wp\/v2\/posts\/1874\/revisions"}],"predecessor-version":[{"id":1877,"href":"https:\/\/cardenal-newman.edu\/en\/wp-json\/wp\/v2\/posts\/1874\/revisions\/1877"}],"wp:featuredmedia":[{"embeddable":true,"href":"https:\/\/cardenal-newman.edu\/en\/wp-json\/wp\/v2\/media\/1875"}],"wp:attachment":[{"href":"https:\/\/cardenal-newman.edu\/en\/wp-json\/wp\/v2\/media?parent=1874"}],"wp:term":[{"taxonomy":"category","embeddable":true,"href":"https:\/\/cardenal-newman.edu\/en\/wp-json\/wp\/v2\/categories?post=1874"},{"taxonomy":"post_tag","embeddable":true,"href":"https:\/\/cardenal-newman.edu\/en\/wp-json\/wp\/v2\/tags?post=1874"},{"taxonomy":"yst_prominent_words","embeddable":true,"href":"https:\/\/cardenal-newman.edu\/en\/wp-json\/wp\/v2\/yst_prominent_words?post=1874"}],"curies":[{"name":"wp","href":"https:\/\/api.w.org\/{rel}","templated":true}]}}