{"id":2009,"date":"2020-03-26T14:59:05","date_gmt":"2020-03-26T17:59:05","guid":{"rendered":"https:\/\/cardenal-newman.edu\/?p=2009"},"modified":"2020-03-29T20:26:57","modified_gmt":"2020-03-29T23:26:57","slug":"2009-2","status":"publish","type":"post","link":"https:\/\/cardenal-newman.edu\/en\/2009-2\/","title":{"rendered":"Somos Equipo: \u00bfGerminamos?"},"content":{"rendered":"\n<div class=\"wp-container-3 wp-block-columns\">\n<div class=\"wp-container-1 wp-block-column\">\n<p><strong>\u00bfQu\u00e9 tal poner manos en acci\u00f3n y germinar en casa?<\/strong> Lo que tengan a mano: pueden ser semillas de manzana, pera, lentejas, porotos, morr\u00f3n &#8230;Graciela Olier que cuida con los chicos la huerta del colegio (\u00a1miren la foto! \u00bfVieron que linda es? Siembran arom\u00e1ticas suculentas, acelga, lechuga, puerro, coliflor y&#8230; \u00a1mucho m\u00e1s!)  nos acerca ideas divertidas y muy f\u00e1ciles para compartir en familia. \u00bfPreparados?<\/p>\n<\/div>\n\n\n\n<div class=\"wp-container-2 wp-block-column\">\n<div class=\"wp-block-image\"><figure class=\"aligncenter size-medium\"><img loading=\"lazy\" width=\"300\" height=\"225\" src=\"https:\/\/cardenal-newman.edu\/media\/PHOTO-2020-03-25-09-07-55-1-300x225.jpg\" alt=\"\" class=\"wp-image-2012\" srcset=\"https:\/\/cardenal-newman.edu\/media\/PHOTO-2020-03-25-09-07-55-1-300x225.jpg 300w, https:\/\/cardenal-newman.edu\/media\/PHOTO-2020-03-25-09-07-55-1-600x450.jpg 600w, https:\/\/cardenal-newman.edu\/media\/PHOTO-2020-03-25-09-07-55-1-1024x768.jpg 1024w, https:\/\/cardenal-newman.edu\/media\/PHOTO-2020-03-25-09-07-55-1-768x576.jpg 768w, https:\/\/cardenal-newman.edu\/media\/PHOTO-2020-03-25-09-07-55-1-240x180.jpg 240w, https:\/\/cardenal-newman.edu\/media\/PHOTO-2020-03-25-09-07-55-1.jpg 1280w\" sizes=\"(max-width: 300px) 100vw, 300px\" \/><\/figure><\/div>\n<\/div>\n<\/div>\n\n\n\n<h2>Germinaci\u00f3n Paso a Paso:<\/h2>\n\n\n\n<ol><li>-Coloquen una <strong>servilleta o toalla de papel en un envase, a\u00f1adan las semillas<\/strong> que quieran germinar bien repartidas por la servilleta y coloquen por encima otra servilleta h\u00fameda. Enrollen las servilletas creando un cilindro (esto estimula el proceso de germinaci\u00f3n de las semillas). Coloquen el rollo en el envase, cierrenlo parcialmente (no lo cierres del todo para que el aire pueda circular) y coloquen en un lugar oscuro que tenga una temperatura constante de unos 20 a 22 \u00baC.<\/li><li> Controlen peri\u00f3dicamente c\u00f3mo va evolucionando la germinaci\u00f3n. Aunque cada semilla requiere de temperaturas y tiempos de germinaci\u00f3n diferentes, les recomendamos que <strong>revisen las semillas a los tres d\u00edas <\/strong>y que saquen con cuidado las que ya han germinado. Humedezcan las toallas de papel de nuevo y vuelvan a revisar cada d\u00eda o cada dos d\u00edas para ir sacando las semillas que van germinando. <\/li><li>Una vez que las<strong> semillas han brotado, ya las pueden sembrar.<\/strong><\/li><\/ol>\n\n\n\n<h2>Otra forma de Germinar:<\/h2>\n\n\n\n<div class=\"wp-container-6 wp-block-columns\">\n<div class=\"wp-container-4 wp-block-column\">\n<p>1.&nbsp;24 horas antes de la siembra dejen las semillas&nbsp;en agua. <\/p>\n\n\n\n<p>2.- Transcurrido ese tiempo, escurran las semillas y si\u00e9mbrenlas en los recipientes descartables, macetas o directamente en su lugar definitivo de cultivo..<\/p>\n\n\n\n<p>3.-\nDependiendo del tipo de semilla, \u00e9stas pueden tardar en germinar entre 2 y 15\nd\u00edas.<\/p>\n<\/div>\n\n\n\n<div class=\"wp-container-5 wp-block-column\">\n<div class=\"wp-block-image\"><figure class=\"aligncenter size-medium\"><img loading=\"lazy\" width=\"225\" height=\"300\" src=\"https:\/\/cardenal-newman.edu\/media\/PHOTO-2020-03-23-12-53-26-225x300.jpg\" alt=\"Grace armado plantines en su casa\" class=\"wp-image-2013\" srcset=\"https:\/\/cardenal-newman.edu\/media\/PHOTO-2020-03-23-12-53-26-225x300.jpg 225w, https:\/\/cardenal-newman.edu\/media\/PHOTO-2020-03-23-12-53-26-600x800.jpg 600w, https:\/\/cardenal-newman.edu\/media\/PHOTO-2020-03-23-12-53-26-768x1024.jpg 768w, https:\/\/cardenal-newman.edu\/media\/PHOTO-2020-03-23-12-53-26-135x180.jpg 135w, https:\/\/cardenal-newman.edu\/media\/PHOTO-2020-03-23-12-53-26.jpg 960w\" sizes=\"(max-width: 225px) 100vw, 225px\" \/><\/figure><\/div>\n<\/div>\n<\/div>\n\n\n\n<h2>M\u00e1s Tips:<\/h2>\n\n\n\n<p>Tambi\u00e9n\nse pueden colocar ramitas de albahaca, menta, pereji, romero en un vasito con\nagua. A los 7 o 10 d\u00edas comenzar\u00e1n a salirle las ra\u00edces. Es entonces el momento\nde poder pasar la ramita a una maceta con tierra.<\/p>\n\n\n\n<p>*Corlar la parte superior de la zanahoria y ponerla en una bandeja descartable con un poco de agua, al cabo de pocos d\u00edas empiezan a salirle los brotes, que se pueden consumir&nbsp; en la ensalada.<\/p>\n\n\n\n<h2 class=\"has-text-align-center\">\u00a1Nos encantar\u00eda saber!<\/h2>\n\n\n\n<p class=\"has-text-align-left\">Esperamos las  fotos de su germinaci\u00f3n  en comunicacion@cardenal-newman.edu o por Handing a Sol Benedit.                                                                                   \u00a1Gracias a Grace Olier y a Lola Grondona por esta linda secci\u00f3n!                                                                                                                                                    Bienvenidos todos los que quieran acrecar propuestas para hacer en casa. <\/p>\n","protected":false},"excerpt":{"rendered":"<p>\u00bfQu\u00e9 tal poner manos en acci\u00f3n y germinar en casa? Lo que tengan a mano: pueden ser semillas de manzana, pera, lentejas, porotos, morr\u00f3n &#8230;Graciela Olier que cuida con los chicos la huerta del colegio (\u00a1miren la foto! \u00bfVieron que linda es? Siembran arom\u00e1ticas suculentas, acelga, lechuga, puerro, coliflor y&#8230; \u00a1mucho m\u00e1s!) nos acerca ideas divertidas y muy f\u00e1ciles para &hellip;<\/p>\n<p class=\"read-more\"> <a class=\"ast-button\" href=\"https:\/\/cardenal-newman.edu\/en\/2009-2\/\"> <span class=\"screen-reader-text\">Somos Equipo: \u00bfGerminamos?<\/span> Read More \u00bb<\/a><\/p>\n","protected":false},"author":2,"featured_media":2013,"comment_status":"closed","ping_status":"closed","sticky":false,"template":"","format":"standard","meta":{"inline_featured_image":false,"site-sidebar-layout":"default","site-content-layout":"default","ast-global-header-display":"","ast-main-header-display":"","ast-hfb-above-header-display":"","ast-hfb-below-header-display":"","ast-hfb-mobile-header-display":"","site-post-title":"","ast-breadcrumbs-content":"","ast-featured-img":"","footer-sml-layout":"","theme-transparent-header-meta":"default","adv-header-id-meta":"","stick-header-meta":"default","header-above-stick-meta":"","header-main-stick-meta":"","header-below-stick-meta":""},"categories":[1],"tags":[],"yst_prominent_words":[693,62,69,685,684,682,683,695,688,696,687,686,694,689,679,681],"_links":{"self":[{"href":"https:\/\/cardenal-newman.edu\/en\/wp-json\/wp\/v2\/posts\/2009"}],"collection":[{"href":"https:\/\/cardenal-newman.edu\/en\/wp-json\/wp\/v2\/posts"}],"about":[{"href":"https:\/\/cardenal-newman.edu\/en\/wp-json\/wp\/v2\/types\/post"}],"author":[{"embeddable":true,"href":"https:\/\/cardenal-newman.edu\/en\/wp-json\/wp\/v2\/users\/2"}],"replies":[{"embeddable":true,"href":"https:\/\/cardenal-newman.edu\/en\/wp-json\/wp\/v2\/comments?post=2009"}],"version-history":[{"count":4,"href":"https:\/\/cardenal-newman.edu\/en\/wp-json\/wp\/v2\/posts\/2009\/revisions"}],"predecessor-version":[{"id":2016,"href":"https:\/\/cardenal-newman.edu\/en\/wp-json\/wp\/v2\/posts\/2009\/revisions\/2016"}],"wp:featuredmedia":[{"embeddable":true,"href":"https:\/\/cardenal-newman.edu\/en\/wp-json\/wp\/v2\/media\/2013"}],"wp:attachment":[{"href":"https:\/\/cardenal-newman.edu\/en\/wp-json\/wp\/v2\/media?parent=2009"}],"wp:term":[{"taxonomy":"category","embeddable":true,"href":"https:\/\/cardenal-newman.edu\/en\/wp-json\/wp\/v2\/categories?post=2009"},{"taxonomy":"post_tag","embeddable":true,"href":"https:\/\/cardenal-newman.edu\/en\/wp-json\/wp\/v2\/tags?post=2009"},{"taxonomy":"yst_prominent_words","embeddable":true,"href":"https:\/\/cardenal-newman.edu\/en\/wp-json\/wp\/v2\/yst_prominent_words?post=2009"}],"curies":[{"name":"wp","href":"https:\/\/api.w.org\/{rel}","templated":true}]}}