{"id":2107,"date":"2020-04-01T22:28:10","date_gmt":"2020-04-02T01:28:10","guid":{"rendered":"https:\/\/cardenal-newman.edu\/?p=2107"},"modified":"2020-04-02T11:17:46","modified_gmt":"2020-04-02T14:17:46","slug":"2-de-abril-homenaje-a-los-heroes-en-la-guerra-de-malvinas","status":"publish","type":"post","link":"https:\/\/cardenal-newman.edu\/en\/2-de-abril-homenaje-a-los-heroes-en-la-guerra-de-malvinas\/","title":{"rendered":"2 de abril: Homenaje a los H\u00e9roes de Malvinas"},"content":{"rendered":"\n<p>\u00a1Bienvenidos! En estos d\u00edas que nos emocionamos con nuestros h\u00e9roes cotidianos, hoy honramos a nuestros h\u00e9roes de Malvinas.&nbsp;<\/p>\n\n\n\n<p>Les proponemos compartir en familia, sentarnos y disponernos para un acto Patrio. Distinto. Especial. Un homenaje armado como un rompecabezas a la distancia. Pero como siempre, desde lo profundo del coraz\u00f3n.<\/p>\n\n\n\n<p>\u00bfPreparados?<\/p>\n\n\n\n<div class=\"wp-container-4 wp-block-columns\">\n<div class=\"wp-container-1 wp-block-column\">\n<ul><li>1.<strong> Marcha de las Malvinas,<\/strong> A capella por Andrea de la Cuesta, maestra de M\u00fasica EP. (2\u00b425\u00b4\u00b4).<\/li><\/ul>\n<\/div>\n\n\n\n<div class=\"wp-container-2 wp-block-column\">\n<div class=\"wp-block-image\"><figure class=\"aligncenter size-thumbnail\"><img loading=\"lazy\" width=\"150\" height=\"150\" src=\"https:\/\/cardenal-newman.edu\/media\/malvinas-150x150.jpg\" alt=\"\" class=\"wp-image-2108\" srcset=\"https:\/\/cardenal-newman.edu\/media\/malvinas-150x150.jpg 150w, https:\/\/cardenal-newman.edu\/media\/malvinas-100x100.jpg 100w, https:\/\/cardenal-newman.edu\/media\/malvinas-32x32.jpg 32w, https:\/\/cardenal-newman.edu\/media\/malvinas-48x48.jpg 48w, https:\/\/cardenal-newman.edu\/media\/malvinas-80x80.jpg 80w\" sizes=\"(max-width: 150px) 100vw, 150px\" \/><\/figure><\/div>\n<\/div>\n\n\n\n<div class=\"wp-container-3 wp-block-column\">\n<div class=\"wp-block-button aligncenter\"><a class=\"wp-block-button__link\" href=\"https:\/\/www.youtube.com\/watch?v=oddRc9dBBpI&amp;feature=youtu.be&amp;app=desktop\">Click Aqu\u00ed <\/a><\/div>\n<\/div>\n<\/div>\n\n\n\n<div class=\"wp-container-8 wp-block-columns\">\n<div class=\"wp-container-5 wp-block-column\">\n<ul><li>2. <strong>Reflexi\u00f3n de Marite Martin, <\/strong>(directora Gesti\u00f3n ES) y Juan Pablo Baraga, (jefe \u00c1rea Tecnolog\u00eda EP) con m\u00fasica de Juan Cordone ( profesor conjunto instrumental ES) y dibujo de Julio Pierleoni (maestro de Pl\u00e1stica EP). (2\u00b4).<\/li><\/ul>\n<\/div>\n\n\n\n<div class=\"wp-container-6 wp-block-column\">\n<div class=\"wp-block-image\"><figure class=\"aligncenter size-thumbnail\"><img loading=\"lazy\" width=\"150\" height=\"150\" src=\"https:\/\/cardenal-newman.edu\/media\/unnamed-2-3-150x150.jpg\" alt=\"\" class=\"wp-image-2110\" srcset=\"https:\/\/cardenal-newman.edu\/media\/unnamed-2-3-150x150.jpg 150w, https:\/\/cardenal-newman.edu\/media\/unnamed-2-3-100x100.jpg 100w, https:\/\/cardenal-newman.edu\/media\/unnamed-2-3-32x32.jpg 32w, https:\/\/cardenal-newman.edu\/media\/unnamed-2-3-48x48.jpg 48w, https:\/\/cardenal-newman.edu\/media\/unnamed-2-3-80x80.jpg 80w\" sizes=\"(max-width: 150px) 100vw, 150px\" \/><\/figure><\/div>\n<\/div>\n\n\n\n<div class=\"wp-container-7 wp-block-column\">\n<div class=\"wp-block-button aligncenter\"><a class=\"wp-block-button__link\" href=\"https:\/\/www.youtube.com\/watch?feature=youtu.beRefRefe&amp;v=b_ePPYfn8pc&amp;app=desktop\">Click Aqui<\/a><\/div>\n<\/div>\n<\/div>\n\n\n\n<div class=\"wp-container-12 wp-block-columns\">\n<div class=\"wp-container-9 wp-block-column\">\n<ul><li>3. <strong>Mensaje de Horacio Ra\u00fal Grassi, veterano de las Malvinas<\/strong>, Comandante (RE) del ARA Piedra Buena que rescat\u00f3 a 273 n\u00e1ufragos del hundimiento del Buque General Belgrano. (\u00a1Y abuelo de Joaqu\u00edn Bilbao, egresado 2019!) (4\u00b441\u00b4\u00b4)<\/li><\/ul>\n<\/div>\n\n\n\n<div class=\"wp-container-10 wp-block-column\">\n<div class=\"wp-block-image\"><figure class=\"aligncenter size-thumbnail\"><img loading=\"lazy\" width=\"150\" height=\"150\" src=\"https:\/\/cardenal-newman.edu\/media\/Foto2-150x150.jpg\" alt=\"\" class=\"wp-image-2109\" srcset=\"https:\/\/cardenal-newman.edu\/media\/Foto2-150x150.jpg 150w, https:\/\/cardenal-newman.edu\/media\/Foto2-300x300.jpg 300w, https:\/\/cardenal-newman.edu\/media\/Foto2-100x100.jpg 100w, https:\/\/cardenal-newman.edu\/media\/Foto2-32x32.jpg 32w, https:\/\/cardenal-newman.edu\/media\/Foto2-48x48.jpg 48w, https:\/\/cardenal-newman.edu\/media\/Foto2-80x80.jpg 80w\" sizes=\"(max-width: 150px) 100vw, 150px\" \/><\/figure><\/div>\n<\/div>\n\n\n\n<div class=\"wp-container-11 wp-block-column\">\n<div class=\"wp-block-button aligncenter\"><a class=\"wp-block-button__link\" href=\"https:\/\/www.youtube.com\/watch?v=-wwxYbfae5o&amp;feature=youtu.be\">Click Aqu\u00ed<\/a><\/div>\n<\/div>\n<\/div>\n","protected":false},"excerpt":{"rendered":"<p>\u00a1Bienvenidos! En estos d\u00edas que nos emocionamos con nuestros h\u00e9roes cotidianos, hoy honramos a nuestros h\u00e9roes de Malvinas.&nbsp; Les proponemos compartir en familia, sentarnos y disponernos para un acto Patrio. Distinto. Especial. Un homenaje armado como un rompecabezas a la distancia. Pero como siempre, desde lo profundo del coraz\u00f3n. \u00bfPreparados? 1. Marcha de las Malvinas, A capella por Andrea de &hellip;<\/p>\n<p class=\"read-more\"> <a class=\"ast-button\" href=\"https:\/\/cardenal-newman.edu\/en\/2-de-abril-homenaje-a-los-heroes-en-la-guerra-de-malvinas\/\"> <span class=\"screen-reader-text\">2 de abril: Homenaje a los H\u00e9roes de Malvinas<\/span> Read More \u00bb<\/a><\/p>\n","protected":false},"author":2,"featured_media":2108,"comment_status":"closed","ping_status":"closed","sticky":false,"template":"","format":"standard","meta":{"inline_featured_image":false,"site-sidebar-layout":"default","site-content-layout":"default","ast-global-header-display":"","ast-main-header-display":"","ast-hfb-above-header-display":"","ast-hfb-below-header-display":"","ast-hfb-mobile-header-display":"","site-post-title":"","ast-breadcrumbs-content":"","ast-featured-img":"","footer-sml-layout":"","theme-transparent-header-meta":"default","adv-header-id-meta":"","stick-header-meta":"default","header-above-stick-meta":"","header-main-stick-meta":"","header-below-stick-meta":""},"categories":[1],"tags":[],"yst_prominent_words":[778,135,748,42,747,761],"_links":{"self":[{"href":"https:\/\/cardenal-newman.edu\/en\/wp-json\/wp\/v2\/posts\/2107"}],"collection":[{"href":"https:\/\/cardenal-newman.edu\/en\/wp-json\/wp\/v2\/posts"}],"about":[{"href":"https:\/\/cardenal-newman.edu\/en\/wp-json\/wp\/v2\/types\/post"}],"author":[{"embeddable":true,"href":"https:\/\/cardenal-newman.edu\/en\/wp-json\/wp\/v2\/users\/2"}],"replies":[{"embeddable":true,"href":"https:\/\/cardenal-newman.edu\/en\/wp-json\/wp\/v2\/comments?post=2107"}],"version-history":[{"count":11,"href":"https:\/\/cardenal-newman.edu\/en\/wp-json\/wp\/v2\/posts\/2107\/revisions"}],"predecessor-version":[{"id":2121,"href":"https:\/\/cardenal-newman.edu\/en\/wp-json\/wp\/v2\/posts\/2107\/revisions\/2121"}],"wp:featuredmedia":[{"embeddable":true,"href":"https:\/\/cardenal-newman.edu\/en\/wp-json\/wp\/v2\/media\/2108"}],"wp:attachment":[{"href":"https:\/\/cardenal-newman.edu\/en\/wp-json\/wp\/v2\/media?parent=2107"}],"wp:term":[{"taxonomy":"category","embeddable":true,"href":"https:\/\/cardenal-newman.edu\/en\/wp-json\/wp\/v2\/categories?post=2107"},{"taxonomy":"post_tag","embeddable":true,"href":"https:\/\/cardenal-newman.edu\/en\/wp-json\/wp\/v2\/tags?post=2107"},{"taxonomy":"yst_prominent_words","embeddable":true,"href":"https:\/\/cardenal-newman.edu\/en\/wp-json\/wp\/v2\/yst_prominent_words?post=2107"}],"curies":[{"name":"wp","href":"https:\/\/api.w.org\/{rel}","templated":true}]}}