{"id":2143,"date":"2020-04-08T13:06:27","date_gmt":"2020-04-08T16:06:27","guid":{"rendered":"https:\/\/cardenal-newman.edu\/?p=2143"},"modified":"2020-04-12T18:37:56","modified_gmt":"2020-04-12T21:37:56","slug":"vivamos-juntos-esta-semana-santa","status":"publish","type":"post","link":"https:\/\/cardenal-newman.edu\/en\/vivamos-juntos-esta-semana-santa\/","title":{"rendered":"Vivamos juntos esta Semana Santa"},"content":{"rendered":"\n<p>Estos d\u00edas que transitamos nos invitan a encontrar nuevas formas de compartir y celebrar nuestra Fe.  En este espacio les vamos a ir proponiendo encuentros  para cada d\u00eda de esta Semana Santa  con el deseo que nos animen a dejarnos inspirar por el Esp\u00edritu de Dios unidos en comunidad. <\/p>\n\n\n\n<h2>Propuestas de Actividades: <\/h2>\n\n\n\n<ul><li><strong>Mi\u00e9rcoles Santo:<\/strong> Bienvenida e invitaci\u00f3n a preparar el para la  Cena Pascual de S\u00e1bado Santo.<\/li><li><strong>Jueves Santo<\/strong>: Lectura de la \u00faltima Cena y reflexi\u00f3n del P . Eduardo Mangiarotti.<\/li><li><strong>Viernes Santo: <\/strong>Lectura de la Pasi\u00f3n del Se\u00f1or y reflexi\u00f3n del P. Agust\u00edn Espina.<\/li><li><strong>S\u00e1bado Santo:<\/strong> Celebraci\u00f3n de la Cena Pascual.<\/li><li><strong>Domingo de Resurrecci\u00f3n: <\/strong>Lectura y reflexi\u00f3n de nuestro P\u00e1rroco Ra\u00fal Pizarro. <\/li><\/ul>\n\n\n\n<h4><strong>Celebraciones en el Vaticano: <\/strong><\/h4>\n\n\n\n<div class=\"wp-container-4 wp-block-columns\">\n<div class=\"wp-container-1 wp-block-column\" style=\"flex-basis:25%\">\n<div class=\"wp-block-image\"><figure class=\"aligncenter size-thumbnail\"><img loading=\"lazy\" width=\"150\" height=\"150\" src=\"https:\/\/cardenal-newman.edu\/media\/VaticanoJueves-1-150x150.jpg\" alt=\"\" class=\"wp-image-2172\" srcset=\"https:\/\/cardenal-newman.edu\/media\/VaticanoJueves-1-150x150.jpg 150w, https:\/\/cardenal-newman.edu\/media\/VaticanoJueves-1-300x300.jpg 300w, https:\/\/cardenal-newman.edu\/media\/VaticanoJueves-1-100x100.jpg 100w, https:\/\/cardenal-newman.edu\/media\/VaticanoJueves-1-32x32.jpg 32w, https:\/\/cardenal-newman.edu\/media\/VaticanoJueves-1-48x48.jpg 48w, https:\/\/cardenal-newman.edu\/media\/VaticanoJueves-1-80x80.jpg 80w\" sizes=\"(max-width: 150px) 100vw, 150px\" \/><\/figure><\/div>\n<\/div>\n\n\n\n<div class=\"wp-container-2 wp-block-column\" style=\"flex-basis:50%\">\n<ul><li> <strong>Jueves Santo<\/strong>: Misa de la Cena del Se\u00f1or. 13.00h<\/li><li><strong>Viernes Santo: <\/strong>Celebraci\u00f3n de la Pasi\u00f3n del Se\u00f1or. 13.00h. Via Crucis 16.00h.<\/li><li><strong>S\u00e1bado Santo:<\/strong> Vigilia Pascual. 16.00h.<\/li><li><strong>Domingo de Resurrecci\u00f3n: <\/strong>Misa de Domingo de Pascua de Resurrecci\u00f3n y bendici\u00f3n Urbi et Orbi.  6.00h <\/li><\/ul>\n<\/div>\n\n\n\n<div class=\"wp-container-3 wp-block-column\" style=\"flex-basis:25%\">\n<div style=\"height:50px\" aria-hidden=\"true\" class=\"wp-block-spacer\"><\/div>\n\n\n\n<div class=\"wp-block-button aligncenter\"><a class=\"wp-block-button__link\" href=\"https:\/\/www.ewtn.com\/espanol\/tv\/index.asp\">Ver Aqu\u00ed<\/a><\/div>\n<\/div>\n<\/div>\n\n\n\n<hr class=\"wp-block-separator has-text-color has-background has-luminous-vivid-amber-background-color has-luminous-vivid-amber-color is-style-wide\"\/>\n\n\n\n<h2>12 de abril: Domingo de Pascuas<\/h2>\n\n\n\n<div class=\"wp-container-7 wp-block-columns\">\n<div class=\"wp-container-5 wp-block-column\">\n<p>Hoy Domingo de Pascua recibimos el don de la Pascua: la alegr\u00eda. Jes\u00fas resucitado sale a nuestro encuentro y nos dice &#8220;Al\u00e9grense&#8221;.. <\/p>\n\n\n\n<div class=\"wp-block-button aligncenter\"><a class=\"wp-block-button__link\" href=\"https:\/\/drive.google.com\/file\/d\/1-rjH4cigxxEDMDfAYb8De_LGKdAEv67k\/view?ts=5e923c32\">Video Aqu\u00ed <\/a><\/div>\n\n\n\n<div style=\"height:20px\" aria-hidden=\"true\" class=\"wp-block-spacer\"><\/div>\n\n\n\n<p> Gracias a nuestro P\u00e1rroco Ra\u00fal Pizarro por su reflexi\u00f3n sobre el Evangelio de Domingo de Pascuas  Mt 28, 1-10 <\/p>\n\n\n\n<div class=\"wp-block-image\"><figure class=\"aligncenter size-thumbnail\"><img loading=\"lazy\" width=\"150\" height=\"150\" src=\"https:\/\/cardenal-newman.edu\/media\/PHOTO-2020-03-26-14-03-31-150x150.jpg\" alt=\"\" class=\"wp-image-2239\" srcset=\"https:\/\/cardenal-newman.edu\/media\/PHOTO-2020-03-26-14-03-31-150x150.jpg 150w, https:\/\/cardenal-newman.edu\/media\/PHOTO-2020-03-26-14-03-31-300x300.jpg 300w, https:\/\/cardenal-newman.edu\/media\/PHOTO-2020-03-26-14-03-31-100x100.jpg 100w, https:\/\/cardenal-newman.edu\/media\/PHOTO-2020-03-26-14-03-31-32x32.jpg 32w, https:\/\/cardenal-newman.edu\/media\/PHOTO-2020-03-26-14-03-31-48x48.jpg 48w, https:\/\/cardenal-newman.edu\/media\/PHOTO-2020-03-26-14-03-31-80x80.jpg 80w\" sizes=\"(max-width: 150px) 100vw, 150px\" \/><\/figure><\/div>\n<\/div>\n\n\n\n<div class=\"wp-container-6 wp-block-column\">\n<div style=\"height:40px\" aria-hidden=\"true\" class=\"wp-block-spacer\"><\/div>\n\n\n\n<div class=\"wp-block-image\"><figure class=\"aligncenter size-large\"><img loading=\"lazy\" width=\"1024\" height=\"550\" src=\"https:\/\/cardenal-newman.edu\/media\/Sluzewski.jpg\" alt=\"\" class=\"wp-image-2241\" srcset=\"https:\/\/cardenal-newman.edu\/media\/Sluzewski.jpg 1024w, https:\/\/cardenal-newman.edu\/media\/Sluzewski-600x322.jpg 600w, https:\/\/cardenal-newman.edu\/media\/Sluzewski-300x161.jpg 300w, https:\/\/cardenal-newman.edu\/media\/Sluzewski-768x413.jpg 768w, https:\/\/cardenal-newman.edu\/media\/Sluzewski-240x129.jpg 240w\" sizes=\"(max-width: 1024px) 100vw, 1024px\" \/><\/figure><\/div>\n\n\n\n<div style=\"height:20px\" aria-hidden=\"true\" class=\"wp-block-spacer\"><\/div>\n\n\n\n<p><strong>\u00a1Gracias a la familia Sluzewski!<\/strong>: &nbsp;Emilia (4to. ES), Santiago (4to. ES), Ram\u00f3n (6to. EP), Tommy (4to. EP) y sus padres L\u00eda y Uki. <\/p>\n<\/div>\n<\/div>\n\n\n\n<p class=\"has-background has-cyan-bluish-gray-background-color\">Querida comunidad:<br>Vivimos esta Pascua especial en el refugio de nuestro primer v\u00ednculo, la familia y tambi\u00e9n en comuni\u00f3n con todos los que sentimos cerca a pesar de la distancia.<br>En estos d\u00edas de desaf\u00edo nos unimos en la pasi\u00f3n, muerte y, hoy, en la resurrecci\u00f3n gloriosa de Jes\u00fas. En verdadera comuni\u00f3n con los que conocemos y con los que quiz\u00e1s nunca nos cruzaremos; con la humanidad entera. Todos unidos y guiados por Jes\u00fas que es el camino, la verdad y la vida.<br>Les compartimos un video que armamos y refleja este esp\u00edritu de comuni\u00f3n con mensajes de la red de Edmund Rice en rincones de todos los continentes.<br>\u00a1Felices Pascuas!                                                                                                                                                                                                              Alberto Olivero<\/p>\n\n\n\n<div style=\"height:20px\" aria-hidden=\"true\" class=\"wp-block-spacer\"><\/div>\n\n\n\n<div class=\"wp-block-button aligncenter\"><a class=\"wp-block-button__link\" href=\"https:\/\/youtu.be\/TSdolLK2mIM\">Video Saludo de Pascuas Red Mundial Edmund Rice<\/a><\/div>\n\n\n\n<div style=\"height:20px\" aria-hidden=\"true\" class=\"wp-block-spacer\"><\/div>\n\n\n\n<hr class=\"wp-block-separator has-text-color has-background has-luminous-vivid-amber-background-color has-luminous-vivid-amber-color is-style-wide\"\/>\n\n\n\n<h2>11 de abril: S\u00e1bado Santo<\/h2>\n\n\n\n<h3>Cena Pascual<\/h3>\n\n\n\n<p>En este contexto distinto debemos animarnos a dejarnos inspirar por el Esp\u00edritu de Dios y encontrar nuevas formas de celebrar nuestra fe. Por ello, queremos invitarlos a festejar la Pascua en familia. Hacer este s\u00e1bado una cena Pascual para poder celebrar juntos, rezar juntos y compartir en familia el misterio de la muerte y resurrecci\u00f3n de Jes\u00fas.  La familia es la Iglesia dom\u00e9stica, nuestra primera comunidad en donde&nbsp; experimentamos lo que significa ser amados por Dios. Animados por el Esp\u00edritu buscaremos un momento de cercan\u00eda entre nosotros y con Aqu\u00e9l que puede resucitar nuestra vida.<br> <\/p>\n\n\n\n<h3>Preparaci\u00f3n de la Cena:<\/h3>\n\n\n\n<p>Los invitamos a preparar los signos que utilizaremos, el lugar para realizarla y una rica comida: <\/p>\n\n\n\n<div class=\"wp-container-10 wp-block-columns\">\n<div class=\"wp-container-8 wp-block-column\">\n<ul><li><strong>Cuatro signos:<\/strong>&nbsp;<ol><li>Velas (puede ser una por integrante de la familia)<\/li><li>Una Biblia<\/li><li>Pan: Puede ser lindo que el pan sea uno casero cocinado entre todos<\/li><li>Bendici\u00f3n: Si tienen agua bendita puede utilizarse, sino sin agua, simplemente con la mano.<\/li><\/ol><\/li><li><strong>Lugar: <\/strong>Que la mesa est\u00e9 preparada de manera distinta, quiz\u00e1s como cuando hay cumplea\u00f1os o alguna fiesta (Pueden ayudar los chicos en esta preparaci\u00f3n).<\/li><li><strong>Comida:<\/strong> Algo que les guste comer.<\/li><li><strong>Canci\u00f3n del preg\u00f3n Pascual<\/strong>.<\/li><\/ul>\n<\/div>\n\n\n\n<div class=\"wp-container-9 wp-block-column\">\n<div style=\"height:40px\" aria-hidden=\"true\" class=\"wp-block-spacer\"><\/div>\n\n\n\n<div class=\"wp-block-image\"><figure class=\"aligncenter size-medium\"><img loading=\"lazy\" width=\"300\" height=\"200\" src=\"https:\/\/cardenal-newman.edu\/media\/8a7f-pan-y-vino_bg-300x200.jpg\" alt=\"\" class=\"wp-image-2214\" srcset=\"https:\/\/cardenal-newman.edu\/media\/8a7f-pan-y-vino_bg-300x200.jpg 300w, https:\/\/cardenal-newman.edu\/media\/8a7f-pan-y-vino_bg-240x160.jpg 240w, https:\/\/cardenal-newman.edu\/media\/8a7f-pan-y-vino_bg.jpg 500w\" sizes=\"(max-width: 300px) 100vw, 300px\" \/><\/figure><\/div>\n\n\n\n<div class=\"wp-block-button aligncenter\"><a class=\"wp-block-button__link\" href=\"https:\/\/www.youtube.com\/watch?v=uTCEeWumdxo\">Canci\u00f3n Aqu\u00ed<\/a><\/div>\n<\/div>\n<\/div>\n\n\n\n<h3>Celebraci\u00f3n de la Cena<\/h3>\n\n\n\n<ol><li><strong>Las luces <\/strong>de la casa estar\u00e1n todas <strong>apagadas o muy tenues <\/strong>(por si alguno puede asustarse)<strong>.<\/strong> As\u00ed comienza nuestra celebraci\u00f3n Pascual, sabiendo que la oscuridad es parte de la historia humana y de nuestra familia. Y que es la luz de Jes\u00fas la que viene a iluminarnos.<\/li><li><strong>Nos ponemos en presencia de Dios: <\/strong>en el nombre del Padre, del Hijo y del Esp\u00edritu Santo. Dios est\u00e1 presente en medio nuestro.<\/li><\/ol>\n\n\n\n<ul><li><strong>SIGNO DE LA LUZ<\/strong>:  Cada integrante de la familia ir\u00e1 respondiendo la siguiente consigna y encendiendo una vela o luz (si no tienen velas) o pasando la vela encendida a otro miembro de la familia (si hay s\u00f3lo una vela).&nbsp; <strong>Consigna propuesta<\/strong>: (Es bueno adaptarla o explicarla de otra manera si hace falta).  Compartir una experiencia en donde me sent\u00ed cuidado, consolado, rescatado, salvado o recib\u00ed luz.&nbsp; <\/li><\/ul>\n\n\n\n<ul><li><strong>SIGNO DE LA PALABRA:<\/strong> Leer todos juntos el Evangelio seg\u00fan San Mateo 28,1-10.  Los invitamos a descubrir qu\u00e9 me dice Dios hoy al recibir su Palabra. Para poder reconstruir el texto les proponemos algunas preguntas como gu\u00eda:  Preguntar si hubo alguna palabra que no hayan entendido y aclararla.  <\/li><\/ul>\n\n\n\n<div class=\"wp-container-13 wp-block-columns\">\n<div class=\"wp-container-11 wp-block-column\">\n<ul><li> \u00bfQu\u00e9 personas aparecen en este texto? <\/li><li>\u00bfEn qu\u00e9 lugar sucede?<\/li><li>\u00bfQu\u00e9 hab\u00eda pasado?<\/li><li>\u00bfQu\u00e9 les dice el \u00c1ngel? <\/li><li> \u00bfQu\u00e9 fueron a hacer las mujeres?<\/li><\/ul>\n<\/div>\n\n\n\n<div class=\"wp-container-12 wp-block-column\">\n<ul><li> \u00bfA qui\u00e9n le habla Jes\u00fas? \u00bfQu\u00e9 les dijo?  <\/li><li>\u00bfQu\u00e9 habr\u00e1 querido decir Jes\u00fas? \u00bfCu\u00e1l es el mensaje que les quiso dar<\/li><li>\u00bfCu\u00e1l es el mensaje que les quiere dar hoy?<\/li><li>Y a vos \u00bfQu\u00e9 mensaje te quiere dar hoy?<\/li><\/ul>\n<\/div>\n<\/div>\n\n\n\n<p>Es muy importante que cada uno sienta que es escuchado y que se respeta el espacio que tiene para hacerlo. Estas son pautas para una escucha atenta:<\/p>\n\n\n\n<ol><li>  Escuchar de coraz\u00f3n a quien est\u00e1 hablando. <\/li><li> No interrumpir de ning\u00fan modo. <\/li><li> Distribuir el uso de la palabra en tiempos iguales. <\/li><li> Intervenir en la segunda ronda s\u00f3lo si ya lo han hecho en la primera todos los que as\u00ed lo desearan. <\/li><li> Respetar la confidencialidad. <\/li><\/ol>\n\n\n\n<ul><li><strong>SIGNO DEL PAN: <\/strong>Este signo puede realizarse a continuaci\u00f3n del de la palabra, en medio de la comida, despu\u00e9s de la entrada (si es que hay) o antes del postre. Antes de realizar el gesto podr\u00eda leerse o decirse una reflexi\u00f3n como la siguiente: <\/li><\/ul>\n\n\n\n<div class=\"wp-block-cover has-cyan-bluish-gray-background-color has-background-dim\" style=\"min-height:50px\"><div class=\"wp-block-cover__inner-container\">\n<p class=\"has-text-align-center has-normal-font-size\"> <em>El pan simboliza nuestra vida cotidiana y a la vez Vida de Jes\u00fas que nos transforma y se vuelve alimento para nosotros. Jes\u00fas nos alimenta con su Palabra y tambi\u00e9n con su vida. El pan simboliza la entrega de lo propio a Dios para que \u00c9l lo multiplique.<\/em>  <em>Cu\u00e1ntas personas, cu\u00e1nta vida hay detr\u00e1s de un simple pan. El que prepar\u00f3 la tierra, el que sembr\u00f3, el que cosech\u00f3&#8230; Cada uno puso algo de s\u00ed. Lo mismo vamos a hacer nosotros al amasar juntos un pan. El pan va ser eso que quiero dar de m\u00ed a los dem\u00e1s, lo que quiero ofrecer que junto a Jes\u00fas se vuelve Vida que transforma.<\/em> <\/p>\n<\/div><\/div>\n\n\n\n<p>Consigna para compartir:&nbsp; \u00bfQu\u00e9 me gustar\u00eda ofrecer a los dem\u00e1s en estos d\u00edas? \u00bfQu\u00e9 gesto o actitud? \u00bfA qui\u00e9n me gustar\u00eda ayudar, acompa\u00f1ar, compartirle mi pan? Puede ser de la familia o no. <\/p>\n\n\n\n<ul><li><strong>SIGNO DE LA BENDICI\u00d3N:<\/strong> Este signo puede realizarse al finalizar la comida.&nbsp; Cada miembro de la familia va a bendecir al otro con una se\u00f1al de la cruz en la frente. Si quiere puede decirle alguna frase o palabra a ese integrante que est\u00e1 bendiciendo.  Canci\u00f3n: Preg\u00f3n Pascual.   <\/li><\/ul>\n\n\n\n<h5 class=\"has-text-align-center\"><strong>Unidos por el signo del Pan<\/strong><\/h5>\n\n\n\n<figure class=\"wp-container-15 wp-block-gallery-14 wp-block-gallery columns-4 is-cropped\"><ul class=\"blocks-gallery-grid\"><li class=\"blocks-gallery-item\"><figure><img loading=\"lazy\" width=\"1024\" height=\"768\" src=\"https:\/\/cardenal-newman.edu\/media\/7b05f1b4-a33f-4459-8b1e-723cb1a16a6e-1024x768.jpg\" alt=\"\" data-id=\"2222\" data-link=\"https:\/\/cardenal-newman.edu\/vivamos-juntos-esta-semana-santa\/7b05f1b4-a33f-4459-8b1e-723cb1a16a6e\/\" class=\"wp-image-2222\" srcset=\"https:\/\/cardenal-newman.edu\/media\/7b05f1b4-a33f-4459-8b1e-723cb1a16a6e-1024x768.jpg 1024w, https:\/\/cardenal-newman.edu\/media\/7b05f1b4-a33f-4459-8b1e-723cb1a16a6e-600x450.jpg 600w, https:\/\/cardenal-newman.edu\/media\/7b05f1b4-a33f-4459-8b1e-723cb1a16a6e-300x225.jpg 300w, https:\/\/cardenal-newman.edu\/media\/7b05f1b4-a33f-4459-8b1e-723cb1a16a6e-768x576.jpg 768w, https:\/\/cardenal-newman.edu\/media\/7b05f1b4-a33f-4459-8b1e-723cb1a16a6e-240x180.jpg 240w, https:\/\/cardenal-newman.edu\/media\/7b05f1b4-a33f-4459-8b1e-723cb1a16a6e.jpg 1280w\" sizes=\"(max-width: 1024px) 100vw, 1024px\" \/><\/figure><\/li><li class=\"blocks-gallery-item\"><figure><img loading=\"lazy\" width=\"1024\" height=\"768\" src=\"https:\/\/cardenal-newman.edu\/media\/431ad152-22cc-4396-9c06-be08acf678b9.jpg\" alt=\"\" data-id=\"2223\" data-link=\"https:\/\/cardenal-newman.edu\/vivamos-juntos-esta-semana-santa\/431ad152-22cc-4396-9c06-be08acf678b9\/\" class=\"wp-image-2223\" srcset=\"https:\/\/cardenal-newman.edu\/media\/431ad152-22cc-4396-9c06-be08acf678b9.jpg 1024w, https:\/\/cardenal-newman.edu\/media\/431ad152-22cc-4396-9c06-be08acf678b9-600x450.jpg 600w, https:\/\/cardenal-newman.edu\/media\/431ad152-22cc-4396-9c06-be08acf678b9-300x225.jpg 300w, https:\/\/cardenal-newman.edu\/media\/431ad152-22cc-4396-9c06-be08acf678b9-768x576.jpg 768w, https:\/\/cardenal-newman.edu\/media\/431ad152-22cc-4396-9c06-be08acf678b9-240x180.jpg 240w\" sizes=\"(max-width: 1024px) 100vw, 1024px\" \/><\/figure><\/li><li class=\"blocks-gallery-item\"><figure><img loading=\"lazy\" width=\"974\" height=\"1024\" src=\"https:\/\/cardenal-newman.edu\/media\/1967651e-44d8-46c6-a2a6-851ef3d74bd4.jpg\" alt=\"\" data-id=\"2224\" data-link=\"https:\/\/cardenal-newman.edu\/vivamos-juntos-esta-semana-santa\/1967651e-44d8-46c6-a2a6-851ef3d74bd4\/\" class=\"wp-image-2224\" srcset=\"https:\/\/cardenal-newman.edu\/media\/1967651e-44d8-46c6-a2a6-851ef3d74bd4.jpg 974w, https:\/\/cardenal-newman.edu\/media\/1967651e-44d8-46c6-a2a6-851ef3d74bd4-600x631.jpg 600w, https:\/\/cardenal-newman.edu\/media\/1967651e-44d8-46c6-a2a6-851ef3d74bd4-285x300.jpg 285w, https:\/\/cardenal-newman.edu\/media\/1967651e-44d8-46c6-a2a6-851ef3d74bd4-768x807.jpg 768w, https:\/\/cardenal-newman.edu\/media\/1967651e-44d8-46c6-a2a6-851ef3d74bd4-171x180.jpg 171w\" sizes=\"(max-width: 974px) 100vw, 974px\" \/><\/figure><\/li><li class=\"blocks-gallery-item\"><figure><img loading=\"lazy\" width=\"768\" height=\"1024\" src=\"https:\/\/cardenal-newman.edu\/media\/57c74c9d-613f-484b-bc34-c19a4cdd113b-768x1024.jpg\" alt=\"\" data-id=\"2225\" data-full-url=\"https:\/\/cardenal-newman.edu\/media\/57c74c9d-613f-484b-bc34-c19a4cdd113b.jpg\" data-link=\"https:\/\/cardenal-newman.edu\/vivamos-juntos-esta-semana-santa\/57c74c9d-613f-484b-bc34-c19a4cdd113b\/\" class=\"wp-image-2225\" srcset=\"https:\/\/cardenal-newman.edu\/media\/57c74c9d-613f-484b-bc34-c19a4cdd113b-768x1024.jpg 768w, https:\/\/cardenal-newman.edu\/media\/57c74c9d-613f-484b-bc34-c19a4cdd113b-600x800.jpg 600w, https:\/\/cardenal-newman.edu\/media\/57c74c9d-613f-484b-bc34-c19a4cdd113b-225x300.jpg 225w, https:\/\/cardenal-newman.edu\/media\/57c74c9d-613f-484b-bc34-c19a4cdd113b-135x180.jpg 135w, https:\/\/cardenal-newman.edu\/media\/57c74c9d-613f-484b-bc34-c19a4cdd113b.jpg 960w\" sizes=\"(max-width: 768px) 100vw, 768px\" \/><\/figure><\/li><\/ul><\/figure>\n\n\n\n<figure class=\"wp-container-17 wp-block-gallery-16 wp-block-gallery columns-4 is-cropped\"><ul class=\"blocks-gallery-grid\"><li class=\"blocks-gallery-item\"><figure><img loading=\"lazy\" width=\"1024\" height=\"768\" src=\"https:\/\/cardenal-newman.edu\/media\/e034f3df-3fc5-4ef4-a7e9-2a29dcdd21ac-1024x768.jpg\" alt=\"\" data-id=\"2228\" data-link=\"https:\/\/cardenal-newman.edu\/vivamos-juntos-esta-semana-santa\/e034f3df-3fc5-4ef4-a7e9-2a29dcdd21ac\/\" class=\"wp-image-2228\" srcset=\"https:\/\/cardenal-newman.edu\/media\/e034f3df-3fc5-4ef4-a7e9-2a29dcdd21ac-1024x768.jpg 1024w, https:\/\/cardenal-newman.edu\/media\/e034f3df-3fc5-4ef4-a7e9-2a29dcdd21ac-600x450.jpg 600w, https:\/\/cardenal-newman.edu\/media\/e034f3df-3fc5-4ef4-a7e9-2a29dcdd21ac-300x225.jpg 300w, https:\/\/cardenal-newman.edu\/media\/e034f3df-3fc5-4ef4-a7e9-2a29dcdd21ac-768x576.jpg 768w, https:\/\/cardenal-newman.edu\/media\/e034f3df-3fc5-4ef4-a7e9-2a29dcdd21ac-240x180.jpg 240w, https:\/\/cardenal-newman.edu\/media\/e034f3df-3fc5-4ef4-a7e9-2a29dcdd21ac.jpg 1280w\" sizes=\"(max-width: 1024px) 100vw, 1024px\" \/><\/figure><\/li><li class=\"blocks-gallery-item\"><figure><img loading=\"lazy\" width=\"768\" height=\"1024\" src=\"https:\/\/cardenal-newman.edu\/media\/IMG-3830-768x1024.jpg\" alt=\"\" data-id=\"2229\" data-link=\"https:\/\/cardenal-newman.edu\/vivamos-juntos-esta-semana-santa\/img-3830\/\" class=\"wp-image-2229\" srcset=\"https:\/\/cardenal-newman.edu\/media\/IMG-3830-768x1024.jpg 768w, https:\/\/cardenal-newman.edu\/media\/IMG-3830-600x800.jpg 600w, https:\/\/cardenal-newman.edu\/media\/IMG-3830-225x300.jpg 225w, https:\/\/cardenal-newman.edu\/media\/IMG-3830-135x180.jpg 135w, https:\/\/cardenal-newman.edu\/media\/IMG-3830.jpg 960w\" sizes=\"(max-width: 768px) 100vw, 768px\" \/><\/figure><\/li><li class=\"blocks-gallery-item\"><figure><img loading=\"lazy\" width=\"768\" height=\"1024\" src=\"https:\/\/cardenal-newman.edu\/media\/2337512f-c48b-49e3-80b1-5440fe4d6ef0-768x1024.jpg\" alt=\"\" data-id=\"2230\" data-link=\"https:\/\/cardenal-newman.edu\/vivamos-juntos-esta-semana-santa\/2337512f-c48b-49e3-80b1-5440fe4d6ef0\/\" class=\"wp-image-2230\" srcset=\"https:\/\/cardenal-newman.edu\/media\/2337512f-c48b-49e3-80b1-5440fe4d6ef0-768x1024.jpg 768w, https:\/\/cardenal-newman.edu\/media\/2337512f-c48b-49e3-80b1-5440fe4d6ef0-600x800.jpg 600w, https:\/\/cardenal-newman.edu\/media\/2337512f-c48b-49e3-80b1-5440fe4d6ef0-225x300.jpg 225w, https:\/\/cardenal-newman.edu\/media\/2337512f-c48b-49e3-80b1-5440fe4d6ef0-135x180.jpg 135w, https:\/\/cardenal-newman.edu\/media\/2337512f-c48b-49e3-80b1-5440fe4d6ef0.jpg 960w\" sizes=\"(max-width: 768px) 100vw, 768px\" \/><\/figure><\/li><li class=\"blocks-gallery-item\"><figure><img loading=\"lazy\" width=\"768\" height=\"1024\" src=\"https:\/\/cardenal-newman.edu\/media\/cc516bb9-8b95-4920-a090-1a8194dc1d8c-768x1024.jpg\" alt=\"\" data-id=\"2233\" data-full-url=\"https:\/\/cardenal-newman.edu\/media\/cc516bb9-8b95-4920-a090-1a8194dc1d8c.jpg\" data-link=\"https:\/\/cardenal-newman.edu\/vivamos-juntos-esta-semana-santa\/cc516bb9-8b95-4920-a090-1a8194dc1d8c\/\" class=\"wp-image-2233\" srcset=\"https:\/\/cardenal-newman.edu\/media\/cc516bb9-8b95-4920-a090-1a8194dc1d8c-768x1024.jpg 768w, https:\/\/cardenal-newman.edu\/media\/cc516bb9-8b95-4920-a090-1a8194dc1d8c-600x800.jpg 600w, https:\/\/cardenal-newman.edu\/media\/cc516bb9-8b95-4920-a090-1a8194dc1d8c-225x300.jpg 225w, https:\/\/cardenal-newman.edu\/media\/cc516bb9-8b95-4920-a090-1a8194dc1d8c-135x180.jpg 135w, https:\/\/cardenal-newman.edu\/media\/cc516bb9-8b95-4920-a090-1a8194dc1d8c.jpg 960w\" sizes=\"(max-width: 768px) 100vw, 768px\" \/><\/figure><\/li><\/ul><\/figure>\n\n\n\n<hr class=\"wp-block-separator has-text-color has-background has-luminous-vivid-amber-background-color has-luminous-vivid-amber-color is-style-wide\"\/>\n\n\n\n<h2>10 de abril: Viernes Santo<\/h2>\n\n\n\n<div class=\"wp-container-20 wp-block-columns\">\n<div class=\"wp-container-18 wp-block-column\">\n<p>Hoy Viernes Santo contemplamos la vida entregada por Jes\u00fas en la cruz siguiendo el relato de la Pasi\u00f3n seg\u00fan el evangelio de San Juan. Desde la cruz, Jes\u00fas nos dIce &#8220;tengo sed&#8221;. Sed de muchas cosas,  pero sobre todo sed de Amor. <\/p>\n\n\n\n<div class=\"wp-block-button aligncenter\"><a class=\"wp-block-button__link\" href=\"https:\/\/drive.google.com\/file\/d\/1n2WmVLA8g8r85V91XuoQXdC1aTVl7F-r\/view?ts=5e8fbae2\">Video Aqu\u00ed <\/a><\/div>\n\n\n\n<div style=\"height:20px\" aria-hidden=\"true\" class=\"wp-block-spacer\"><\/div>\n\n\n\n<p> Gracias al Padre Agust\u00edn Espina por su reflexi\u00f3n sobre el Evangelio del Viernes Santo: Jn 18. 1-19, 42. <\/p>\n\n\n\n<div class=\"wp-block-image\"><figure class=\"aligncenter size-thumbnail\"><img loading=\"lazy\" width=\"150\" height=\"150\" src=\"https:\/\/cardenal-newman.edu\/media\/IMG-3475-2-150x150.jpg\" alt=\"\" class=\"wp-image-2198\" srcset=\"https:\/\/cardenal-newman.edu\/media\/IMG-3475-2-150x150.jpg 150w, https:\/\/cardenal-newman.edu\/media\/IMG-3475-2-scaled-300x300.jpg 300w, https:\/\/cardenal-newman.edu\/media\/IMG-3475-2-scaled-100x100.jpg 100w, https:\/\/cardenal-newman.edu\/media\/IMG-3475-2-32x32.jpg 32w, https:\/\/cardenal-newman.edu\/media\/IMG-3475-2-48x48.jpg 48w, https:\/\/cardenal-newman.edu\/media\/IMG-3475-2-80x80.jpg 80w\" sizes=\"(max-width: 150px) 100vw, 150px\" \/><\/figure><\/div>\n<\/div>\n\n\n\n<div class=\"wp-container-19 wp-block-column\">\n<div style=\"height:40px\" aria-hidden=\"true\" class=\"wp-block-spacer\"><\/div>\n\n\n\n<div class=\"wp-block-image\"><figure class=\"aligncenter size-medium\"><img loading=\"lazy\" width=\"300\" height=\"225\" src=\"https:\/\/cardenal-newman.edu\/media\/IMG_7902-300x225.jpg\" alt=\"\" class=\"wp-image-2197\" srcset=\"https:\/\/cardenal-newman.edu\/media\/IMG_7902-300x225.jpg 300w, https:\/\/cardenal-newman.edu\/media\/IMG_7902-rotated-600x450.jpg 600w, https:\/\/cardenal-newman.edu\/media\/IMG_7902-1024x768.jpg 1024w, https:\/\/cardenal-newman.edu\/media\/IMG_7902-768x576.jpg 768w, https:\/\/cardenal-newman.edu\/media\/IMG_7902-240x180.jpg 240w, https:\/\/cardenal-newman.edu\/media\/IMG_7902-rotated.jpg 1288w\" sizes=\"(max-width: 300px) 100vw, 300px\" \/><\/figure><\/div>\n\n\n\n<div style=\"height:20px\" aria-hidden=\"true\" class=\"wp-block-spacer\"><\/div>\n\n\n\n<p><strong>\u00a1Gracias a la familia Anchorena!<\/strong>: &nbsp;Jes\u00fas: Juan Segundo (3ro. ES), Pedro\/ escritura: Santos (6to EP), Guardias\/personas\/judios: Zen\u00f3n (1ro. ES),  Portera: Elena  (3ro. EP); Juan y Victoria, sus padres.<\/p>\n<\/div>\n<\/div>\n\n\n\n<h5 class=\"has-text-align-center\"> <br><strong>&#8220;Madre, aqu\u00ed tienes a tus hijos&#8221;.&nbsp;<\/strong> <\/h5>\n\n\n\n<hr class=\"wp-block-separator has-text-color has-background has-luminous-vivid-amber-background-color has-luminous-vivid-amber-color is-style-wide\"\/>\n\n\n\n<h2>9 de abril: Jueves Santo<\/h2>\n\n\n\n<div class=\"wp-container-23 wp-block-columns\">\n<div class=\"wp-container-21 wp-block-column\">\n<p>Hoy Jueves Santo,  celebramos la \u00daltima Cena , comida pascual en donde Jes\u00fas nos ense\u00f1a como hay que vivir el amor y se nos regala como alimento. <\/p>\n\n\n\n<div class=\"wp-block-image\"><figure class=\"aligncenter size-medium\"><img loading=\"lazy\" width=\"300\" height=\"157\" src=\"https:\/\/cardenal-newman.edu\/media\/jueveskaplun-300x157.jpg\" alt=\"\" class=\"wp-image-2152\" srcset=\"https:\/\/cardenal-newman.edu\/media\/jueveskaplun-300x157.jpg 300w, https:\/\/cardenal-newman.edu\/media\/jueveskaplun-600x314.jpg 600w, https:\/\/cardenal-newman.edu\/media\/jueveskaplun-1024x536.jpg 1024w, https:\/\/cardenal-newman.edu\/media\/jueveskaplun-768x402.jpg 768w, https:\/\/cardenal-newman.edu\/media\/jueveskaplun-240x126.jpg 240w, https:\/\/cardenal-newman.edu\/media\/jueveskaplun.jpg 1158w\" sizes=\"(max-width: 300px) 100vw, 300px\" \/><figcaption>\u00a1Gracias familia Kaplun! Felicitas (14) , Framcisco (11), Juan (9), Cristobal 7) y sus padres Guillermo y Agustina. <\/figcaption><\/figure><\/div>\n<\/div>\n\n\n\n<div class=\"wp-container-22 wp-block-column\">\n<div class=\"wp-block-image\"><figure class=\"aligncenter size-medium\"><img loading=\"lazy\" width=\"300\" height=\"225\" src=\"https:\/\/cardenal-newman.edu\/media\/pies-300x225.jpg\" alt=\"\" class=\"wp-image-2155\" srcset=\"https:\/\/cardenal-newman.edu\/media\/pies-300x225.jpg 300w, https:\/\/cardenal-newman.edu\/media\/pies-600x450.jpg 600w, https:\/\/cardenal-newman.edu\/media\/pies-1024x768.jpg 1024w, https:\/\/cardenal-newman.edu\/media\/pies-768x576.jpg 768w, https:\/\/cardenal-newman.edu\/media\/pies-240x180.jpg 240w, https:\/\/cardenal-newman.edu\/media\/pies.jpg 1280w\" sizes=\"(max-width: 300px) 100vw, 300px\" \/><\/figure><\/div>\n\n\n\n<div style=\"height:20px\" aria-hidden=\"true\" class=\"wp-block-spacer\"><\/div>\n\n\n\n<div class=\"wp-block-button aligncenter\"><a class=\"wp-block-button__link\" href=\"https:\/\/drive.google.com\/file\/d\/1XpuLROMNqGBV3JyPmUbvjlx8AR83oVxx\/view?ts=5e8b91c0\">Video Aqu\u00ed<br><\/a><\/div>\n\n\n\n<div style=\"height:20px\" aria-hidden=\"true\" class=\"wp-block-spacer\"><\/div>\n\n\n\n<p class=\"has-text-align-center\">Gracias al Padre Eduardo Mangiarotti por su reflexi\u00f3n sobre el Evangelio del Jueves Santo: Jn 12. 1-17<\/p>\n<\/div>\n<\/div>\n\n\n\n<h5 class=\"has-text-align-center\"><strong>&nbsp;&#8220;Ustedes ser\u00e1n felices si sabiendo estas cosas, las practican&#8221;<\/strong><\/h5>\n\n\n\n<div style=\"height:40px\" aria-hidden=\"true\" class=\"wp-block-spacer\"><\/div>\n\n\n\n<hr class=\"wp-block-separator has-text-color has-background has-luminous-vivid-amber-background-color has-luminous-vivid-amber-color is-style-wide\"\/>\n\n\n\n<h2>8 de abril: Mi\u00e9rcoles Santo<\/h2>\n\n\n\n<div class=\"wp-container-26 wp-block-columns\">\n<div class=\"wp-container-24 wp-block-column\">\n<p>Mat\u00edas Barboza, Jefe del Pastoral y Catequesis ES nos da la bienvenida y nos invita a preparar en famila el s\u00edmbolo de la Cena Pascual del s\u00e1bado: el Pan. Unamos nuestras manos mientras disponemos nuestro coraz\u00f3n para vivir estos d\u00edas. <\/p>\n<\/div>\n\n\n\n<div class=\"wp-container-25 wp-block-column\">\n<div class=\"wp-block-button aligncenter\"><a class=\"wp-block-button__link\" href=\"https:\/\/drive.google.com\/file\/d\/1GI9gqtFP9Y-Gie0-TvMSYOX0KF-YJXWE\/view?ts=5e8d0a14\">Video Aqu\u00ed<\/a><\/div>\n<\/div>\n<\/div>\n\n\n\n<div class=\"wp-container-29 wp-block-columns\">\n<div class=\"wp-container-27 wp-block-column\">\n<h3>Preparamos Pan Pascual<\/h3>\n\n\n\n<p>Laura Di Cola, madre de Jos\u00e9 Gonz\u00e1lez Chaves (2do. ES), nos acerca una receta muy f\u00e1cill para hacer nuestro propio pan para la Cena Pascual propuesta para el s\u00e1bado.. Todo un s\u00edmbolo de amor. Esperamos que disfruten este momento en familia. \u00bfIngredientes? (Est\u00e1 pensada especialmente sin levadura que escasea en estos d\u00edas).<\/p>\n\n\n\n<ul><li>6 huevos.<\/li><li>250 gr. az\u00facar<\/li><li>6 cucharadas de aceite.<\/li><li>1 taza de leche.<\/li><li>7 tazas harina leudante.<\/li><li>Ralladura lim\u00f3n o naranja.<\/li><\/ul>\n<\/div>\n\n\n\n<div class=\"wp-container-28 wp-block-column\">\n<div class=\"wp-block-image\"><figure class=\"aligncenter size-medium\"><img loading=\"lazy\" width=\"300\" height=\"205\" src=\"https:\/\/cardenal-newman.edu\/media\/pan-300x205.jpg\" alt=\"\" class=\"wp-image-2144\" srcset=\"https:\/\/cardenal-newman.edu\/media\/pan-300x205.jpg 300w, https:\/\/cardenal-newman.edu\/media\/pan-600x409.jpg 600w, https:\/\/cardenal-newman.edu\/media\/pan-1024x698.jpg 1024w, https:\/\/cardenal-newman.edu\/media\/pan-768x524.jpg 768w, https:\/\/cardenal-newman.edu\/media\/pan-240x164.jpg 240w, https:\/\/cardenal-newman.edu\/media\/pan.jpg 1100w\" sizes=\"(max-width: 300px) 100vw, 300px\" \/><\/figure><\/div>\n\n\n\n<div style=\"height:40px\" aria-hidden=\"true\" class=\"wp-block-spacer\"><\/div>\n\n\n\n<div class=\"wp-block-button aligncenter\"><a class=\"wp-block-button__link\" href=\"https:\/\/drive.google.com\/file\/d\/1e4mh3kt8BspfiVdyJa4So8S_fhoTw1g_\/view?usp=sharing\">Video de Preparaci\u00f3n Pan<\/a><\/div>\n<\/div>\n<\/div>\n","protected":false},"excerpt":{"rendered":"<p>Estos d\u00edas que transitamos nos invitan a encontrar nuevas formas de compartir y celebrar nuestra Fe. En este espacio les vamos a ir proponiendo encuentros para cada d\u00eda de esta Semana Santa con el deseo que nos animen a dejarnos inspirar por el Esp\u00edritu de Dios unidos en comunidad. Propuestas de Actividades: Mi\u00e9rcoles Santo: Bienvenida e invitaci\u00f3n a preparar el &hellip;<\/p>\n<p class=\"read-more\"> <a class=\"ast-button\" href=\"https:\/\/cardenal-newman.edu\/en\/vivamos-juntos-esta-semana-santa\/\"> <span class=\"screen-reader-text\">Vivamos juntos esta Semana Santa<\/span> Read More \u00bb<\/a><\/p>\n","protected":false},"author":2,"featured_media":2022,"comment_status":"closed","ping_status":"closed","sticky":false,"template":"","format":"standard","meta":{"inline_featured_image":false,"site-sidebar-layout":"default","site-content-layout":"default","ast-global-header-display":"","ast-main-header-display":"","ast-hfb-above-header-display":"","ast-hfb-below-header-display":"","ast-hfb-mobile-header-display":"","site-post-title":"","ast-breadcrumbs-content":"","ast-featured-img":"","footer-sml-layout":"","theme-transparent-header-meta":"default","adv-header-id-meta":"","stick-header-meta":"default","header-above-stick-meta":"","header-main-stick-meta":"","header-below-stick-meta":""},"categories":[1],"tags":[],"yst_prominent_words":[878,968,818,881,967,640,1005,965,586,845,966,839,876,819,880,651,956,816,79,883],"_links":{"self":[{"href":"https:\/\/cardenal-newman.edu\/en\/wp-json\/wp\/v2\/posts\/2143"}],"collection":[{"href":"https:\/\/cardenal-newman.edu\/en\/wp-json\/wp\/v2\/posts"}],"about":[{"href":"https:\/\/cardenal-newman.edu\/en\/wp-json\/wp\/v2\/types\/post"}],"author":[{"embeddable":true,"href":"https:\/\/cardenal-newman.edu\/en\/wp-json\/wp\/v2\/users\/2"}],"replies":[{"embeddable":true,"href":"https:\/\/cardenal-newman.edu\/en\/wp-json\/wp\/v2\/comments?post=2143"}],"version-history":[{"count":50,"href":"https:\/\/cardenal-newman.edu\/en\/wp-json\/wp\/v2\/posts\/2143\/revisions"}],"predecessor-version":[{"id":2246,"href":"https:\/\/cardenal-newman.edu\/en\/wp-json\/wp\/v2\/posts\/2143\/revisions\/2246"}],"wp:featuredmedia":[{"embeddable":true,"href":"https:\/\/cardenal-newman.edu\/en\/wp-json\/wp\/v2\/media\/2022"}],"wp:attachment":[{"href":"https:\/\/cardenal-newman.edu\/en\/wp-json\/wp\/v2\/media?parent=2143"}],"wp:term":[{"taxonomy":"category","embeddable":true,"href":"https:\/\/cardenal-newman.edu\/en\/wp-json\/wp\/v2\/categories?post=2143"},{"taxonomy":"post_tag","embeddable":true,"href":"https:\/\/cardenal-newman.edu\/en\/wp-json\/wp\/v2\/tags?post=2143"},{"taxonomy":"yst_prominent_words","embeddable":true,"href":"https:\/\/cardenal-newman.edu\/en\/wp-json\/wp\/v2\/yst_prominent_words?post=2143"}],"curies":[{"name":"wp","href":"https:\/\/api.w.org\/{rel}","templated":true}]}}