{"id":2180,"date":"2020-04-09T18:42:15","date_gmt":"2020-04-09T21:42:15","guid":{"rendered":"https:\/\/cardenal-newman.edu\/?p=2180"},"modified":"2020-04-09T18:43:42","modified_gmt":"2020-04-09T21:43:42","slug":"nacho-ex-alumno-en-la-mejor-lucha","status":"publish","type":"post","link":"https:\/\/cardenal-newman.edu\/en\/nacho-ex-alumno-en-la-mejor-lucha\/","title":{"rendered":"Nacho, ex alumno en la mejor lucha"},"content":{"rendered":"\n<div class=\"wp-container-6 wp-block-columns\">\n<div class=\"wp-container-4 wp-block-column\">\n<p> Nacho Fern\u00e1ndez Criado estaba en 1er. grado cuando le preguntaron que quer\u00eda ser cuando fuera grande para la revista de la Gira. No lo dud\u00f3: \u201cDoctor para saber qu\u00e9 pasa dentro de nuestros cuerpos y para ayudar a las personas\u201d. Egresado camada 98, hoy es m\u00e9dico cl\u00ednico y lidera el proyecto del Hospital de Cl\u00ednicas que, mediante la tecnolog\u00eda, brindar\u00e1 seguimiento y control en forma remota a enfermos del Covid 19. \u201cIncertidumbre y desaf\u00edo\u201d son las dos palabras que elige para definir estos tiempos. Y es optimista, \u201cEstamos preparados, tuvimos tiempo para aprender de los otros pa\u00edses\u201d. Gracias Nacho por tu vocaci\u00f3n. Dios te bendiga.<br><\/p>\n\n\n\n<div class=\"wp-container-3 wp-block-columns\">\n<div class=\"wp-container-1 wp-block-column\">\n<figure class=\"wp-block-image size-thumbnail\"><img loading=\"lazy\" width=\"150\" height=\"150\" src=\"https:\/\/cardenal-newman.edu\/media\/b99f0707-318f-4634-8a1f-330e8820b916-1-150x150.jpg\" alt=\"\" class=\"wp-image-2184\" srcset=\"https:\/\/cardenal-newman.edu\/media\/b99f0707-318f-4634-8a1f-330e8820b916-1-150x150.jpg 150w, https:\/\/cardenal-newman.edu\/media\/b99f0707-318f-4634-8a1f-330e8820b916-1-300x300.jpg 300w, https:\/\/cardenal-newman.edu\/media\/b99f0707-318f-4634-8a1f-330e8820b916-1-100x100.jpg 100w, https:\/\/cardenal-newman.edu\/media\/b99f0707-318f-4634-8a1f-330e8820b916-1-32x32.jpg 32w, https:\/\/cardenal-newman.edu\/media\/b99f0707-318f-4634-8a1f-330e8820b916-1-48x48.jpg 48w, https:\/\/cardenal-newman.edu\/media\/b99f0707-318f-4634-8a1f-330e8820b916-1-80x80.jpg 80w\" sizes=\"(max-width: 150px) 100vw, 150px\" \/><\/figure>\n<\/div>\n\n\n\n<div class=\"wp-container-2 wp-block-column\">\n<figure class=\"wp-block-image size-thumbnail\"><img loading=\"lazy\" width=\"150\" height=\"150\" src=\"https:\/\/cardenal-newman.edu\/media\/unnamed-1-4-150x150.jpg\" alt=\"\" class=\"wp-image-2185\" srcset=\"https:\/\/cardenal-newman.edu\/media\/unnamed-1-4-150x150.jpg 150w, https:\/\/cardenal-newman.edu\/media\/unnamed-1-4-300x300.jpg 300w, https:\/\/cardenal-newman.edu\/media\/unnamed-1-4-100x100.jpg 100w, https:\/\/cardenal-newman.edu\/media\/unnamed-1-4-32x32.jpg 32w, https:\/\/cardenal-newman.edu\/media\/unnamed-1-4-48x48.jpg 48w, https:\/\/cardenal-newman.edu\/media\/unnamed-1-4-80x80.jpg 80w\" sizes=\"(max-width: 150px) 100vw, 150px\" \/><\/figure>\n<\/div>\n<\/div>\n<\/div>\n\n\n\n<div class=\"wp-container-5 wp-block-column\">\n<div style=\"height:20px\" aria-hidden=\"true\" class=\"wp-block-spacer\"><\/div>\n\n\n\n<figure class=\"wp-block-image size-large\"><img loading=\"lazy\" width=\"1024\" height=\"768\" src=\"https:\/\/cardenal-newman.edu\/media\/4d9a4dfc-186e-4e18-a83c-fc64d5b66fab-1024x768.jpg\" alt=\"\" class=\"wp-image-2181\" srcset=\"https:\/\/cardenal-newman.edu\/media\/4d9a4dfc-186e-4e18-a83c-fc64d5b66fab-1024x768.jpg 1024w, https:\/\/cardenal-newman.edu\/media\/4d9a4dfc-186e-4e18-a83c-fc64d5b66fab-600x450.jpg 600w, https:\/\/cardenal-newman.edu\/media\/4d9a4dfc-186e-4e18-a83c-fc64d5b66fab-300x225.jpg 300w, https:\/\/cardenal-newman.edu\/media\/4d9a4dfc-186e-4e18-a83c-fc64d5b66fab-768x576.jpg 768w, https:\/\/cardenal-newman.edu\/media\/4d9a4dfc-186e-4e18-a83c-fc64d5b66fab-240x180.jpg 240w, https:\/\/cardenal-newman.edu\/media\/4d9a4dfc-186e-4e18-a83c-fc64d5b66fab.jpg 1040w\" sizes=\"(max-width: 1024px) 100vw, 1024px\" \/><\/figure>\n<\/div>\n<\/div>\n\n\n\n<div style=\"height:60px\" aria-hidden=\"true\" class=\"wp-block-spacer\"><\/div>\n\n\n\n<h2>Campa\u00f1a de Concientizaci\u00f3n<\/h2>\n\n\n\n<div class=\"wp-container-9 wp-block-columns\">\n<div class=\"wp-container-7 wp-block-column\">\n<p>Los alumnos de 6to. ES del Taller de Producci\u00f3n Audiovisual armaron a la distancia un valioso mensaje de concientizaci\u00f3n para cuidarnos durante la pandemia del Covid-19<\/p>\n<\/div>\n\n\n\n<div class=\"wp-container-8 wp-block-column\">\n<div class=\"wp-block-button aligncenter\"><a class=\"wp-block-button__link\" href=\"https:\/\/drive.google.com\/file\/d\/1_VIW_IcNw6IqesN5gatROIsVRK8vAGO9\/view\">Video Aqu\u00ed<\/a><\/div>\n<\/div>\n<\/div>\n","protected":false},"excerpt":{"rendered":"<p>Nacho Fern\u00e1ndez Criado estaba en 1er. grado cuando le preguntaron que quer\u00eda ser cuando fuera grande para la revista de la Gira. No lo dud\u00f3: \u201cDoctor para saber qu\u00e9 pasa dentro de nuestros cuerpos y para ayudar a las personas\u201d. Egresado camada 98, hoy es m\u00e9dico cl\u00ednico y lidera el proyecto del Hospital de Cl\u00ednicas que, mediante la tecnolog\u00eda, brindar\u00e1 &hellip;<\/p>\n<p class=\"read-more\"> <a class=\"ast-button\" href=\"https:\/\/cardenal-newman.edu\/en\/nacho-ex-alumno-en-la-mejor-lucha\/\"> <span class=\"screen-reader-text\">Nacho, ex alumno en la mejor lucha<\/span> Read More \u00bb<\/a><\/p>\n","protected":false},"author":2,"featured_media":2181,"comment_status":"closed","ping_status":"closed","sticky":false,"template":"","format":"standard","meta":{"inline_featured_image":false,"site-sidebar-layout":"default","site-content-layout":"default","ast-global-header-display":"","ast-main-header-display":"","ast-hfb-above-header-display":"","ast-hfb-below-header-display":"","ast-hfb-mobile-header-display":"","site-post-title":"","ast-breadcrumbs-content":"","ast-featured-img":"","footer-sml-layout":"","theme-transparent-header-meta":"default","adv-header-id-meta":"","stick-header-meta":"default","header-above-stick-meta":"","header-main-stick-meta":"","header-below-stick-meta":""},"categories":[8,1],"tags":[],"yst_prominent_words":[910,908],"_links":{"self":[{"href":"https:\/\/cardenal-newman.edu\/en\/wp-json\/wp\/v2\/posts\/2180"}],"collection":[{"href":"https:\/\/cardenal-newman.edu\/en\/wp-json\/wp\/v2\/posts"}],"about":[{"href":"https:\/\/cardenal-newman.edu\/en\/wp-json\/wp\/v2\/types\/post"}],"author":[{"embeddable":true,"href":"https:\/\/cardenal-newman.edu\/en\/wp-json\/wp\/v2\/users\/2"}],"replies":[{"embeddable":true,"href":"https:\/\/cardenal-newman.edu\/en\/wp-json\/wp\/v2\/comments?post=2180"}],"version-history":[{"count":1,"href":"https:\/\/cardenal-newman.edu\/en\/wp-json\/wp\/v2\/posts\/2180\/revisions"}],"predecessor-version":[{"id":2186,"href":"https:\/\/cardenal-newman.edu\/en\/wp-json\/wp\/v2\/posts\/2180\/revisions\/2186"}],"wp:featuredmedia":[{"embeddable":true,"href":"https:\/\/cardenal-newman.edu\/en\/wp-json\/wp\/v2\/media\/2181"}],"wp:attachment":[{"href":"https:\/\/cardenal-newman.edu\/en\/wp-json\/wp\/v2\/media?parent=2180"}],"wp:term":[{"taxonomy":"category","embeddable":true,"href":"https:\/\/cardenal-newman.edu\/en\/wp-json\/wp\/v2\/categories?post=2180"},{"taxonomy":"post_tag","embeddable":true,"href":"https:\/\/cardenal-newman.edu\/en\/wp-json\/wp\/v2\/tags?post=2180"},{"taxonomy":"yst_prominent_words","embeddable":true,"href":"https:\/\/cardenal-newman.edu\/en\/wp-json\/wp\/v2\/yst_prominent_words?post=2180"}],"curies":[{"name":"wp","href":"https:\/\/api.w.org\/{rel}","templated":true}]}}