{"id":2440,"date":"2020-04-30T16:59:54","date_gmt":"2020-04-30T19:59:54","guid":{"rendered":"https:\/\/cardenal-newman.edu\/?p=2440"},"modified":"2020-05-01T10:41:49","modified_gmt":"2020-05-01T13:41:49","slug":"1ro-de-mayo-dia-del-trabajador","status":"publish","type":"post","link":"https:\/\/cardenal-newman.edu\/en\/1ro-de-mayo-dia-del-trabajador\/","title":{"rendered":"1ro. de Mayo &#8211; D\u00eda del Trabajador"},"content":{"rendered":"\n<h4 class=\"has-text-align-center\">Para conmemorar esta fecha, el equipo de Coordinaci\u00f3n de Secundaria nos gu\u00eda por los hechos de la historia que dieron su origen y nos transmiten su mensaje para honrar este d\u00eda.  <\/h4>\n\n\n\n<div class=\"wp-block-image\"><figure class=\"aligncenter size-large\"><img loading=\"lazy\" width=\"624\" height=\"352\" src=\"https:\/\/cardenal-newman.edu\/media\/trabajo2.jpg\" alt=\"\" class=\"wp-image-2441\" srcset=\"https:\/\/cardenal-newman.edu\/media\/trabajo2.jpg 624w, https:\/\/cardenal-newman.edu\/media\/trabajo2-600x338.jpg 600w, https:\/\/cardenal-newman.edu\/media\/trabajo2-300x169.jpg 300w, https:\/\/cardenal-newman.edu\/media\/trabajo2-240x135.jpg 240w\" sizes=\"(max-width: 624px) 100vw, 624px\" \/><figcaption> .La historia cuenta que el 1ro. de mayo de 1886 se inici\u00f3 un reclamo de un grupo de trabajadores en Haymarket Square (Chicago) por la reducci\u00f3n de la jornada laboral a 8 horas,cuando por entonces era de 12 o 18. La proclama se prolong\u00f3 por 3 d\u00edas y finaliz\u00f3 con un tr\u00e1gico episodio entre operarios y fuerzas de seguridad. Este hecho,junto a otros que se fueron sucediendo,dieron lugar a la conmemoraci\u00f3n del 1ro. de mayo como el D\u00eda Internacional de los Trabajadores. <\/figcaption><\/figure><\/div>\n\n\n\n<h4>En estos tiempos dif\u00edciles que nos toca transitar, hoy m\u00e1s que nunca valga el reconocimiento para los trabajadores y trabajadoras que de manera silenciosa y comprometida se desempe\u00f1an desde sus lugares sin otra pretensi\u00f3n que hacerse cargo y asistir a las necesidades de la poblaci\u00f3n. <\/h4>\n\n\n\n<h4>Ellos son los cient\u00edficos, m\u00e9dicos, enfermeros, asistentes, personal de seguridad y control, docentes, auxiliares en comedores escolares y comunitarios, periodistas, movileros, personal de limpieza de las ciudades,recolectores de residuos, empleados bancarios, proveedores de alimentos, personal de supermercados y almacenes, repositores, agricultores y seguramente la lista puede ser infinita&#8230;como infinito es nuestro agradecimiento por estar ah\u00ed&#8230; SIEMPRE.                                                 <\/h4>\n\n\n\n<h4>Un saludo afectuoso,                                                                                                                                                                                                             Coordinaci\u00f3n de Alumnos ES <\/h4>\n","protected":false},"excerpt":{"rendered":"<p>Para conmemorar esta fecha, el equipo de Coordinaci\u00f3n de Secundaria nos gu\u00eda por los hechos de la historia que dieron su origen y nos transmiten su mensaje para honrar este d\u00eda. En estos tiempos dif\u00edciles que nos toca transitar, hoy m\u00e1s que nunca valga el reconocimiento para los trabajadores y trabajadoras que de manera silenciosa y comprometida se desempe\u00f1an desde &hellip;<\/p>\n<p class=\"read-more\"> <a class=\"ast-button\" href=\"https:\/\/cardenal-newman.edu\/en\/1ro-de-mayo-dia-del-trabajador\/\"> <span class=\"screen-reader-text\">1ro. de Mayo &#8211; D\u00eda del Trabajador<\/span> Read More \u00bb<\/a><\/p>\n","protected":false},"author":2,"featured_media":2441,"comment_status":"closed","ping_status":"closed","sticky":false,"template":"","format":"standard","meta":{"inline_featured_image":false,"site-sidebar-layout":"default","site-content-layout":"default","ast-global-header-display":"","ast-main-header-display":"","ast-hfb-above-header-display":"","ast-hfb-below-header-display":"","ast-hfb-mobile-header-display":"","site-post-title":"","ast-breadcrumbs-content":"","ast-featured-img":"","footer-sml-layout":"","theme-transparent-header-meta":"default","adv-header-id-meta":"","stick-header-meta":"default","header-above-stick-meta":"","header-main-stick-meta":"","header-below-stick-meta":""},"categories":[522],"tags":[],"yst_prominent_words":[1234,1230,1231,1235,1233,1232],"_links":{"self":[{"href":"https:\/\/cardenal-newman.edu\/en\/wp-json\/wp\/v2\/posts\/2440"}],"collection":[{"href":"https:\/\/cardenal-newman.edu\/en\/wp-json\/wp\/v2\/posts"}],"about":[{"href":"https:\/\/cardenal-newman.edu\/en\/wp-json\/wp\/v2\/types\/post"}],"author":[{"embeddable":true,"href":"https:\/\/cardenal-newman.edu\/en\/wp-json\/wp\/v2\/users\/2"}],"replies":[{"embeddable":true,"href":"https:\/\/cardenal-newman.edu\/en\/wp-json\/wp\/v2\/comments?post=2440"}],"version-history":[{"count":6,"href":"https:\/\/cardenal-newman.edu\/en\/wp-json\/wp\/v2\/posts\/2440\/revisions"}],"predecessor-version":[{"id":2451,"href":"https:\/\/cardenal-newman.edu\/en\/wp-json\/wp\/v2\/posts\/2440\/revisions\/2451"}],"wp:featuredmedia":[{"embeddable":true,"href":"https:\/\/cardenal-newman.edu\/en\/wp-json\/wp\/v2\/media\/2441"}],"wp:attachment":[{"href":"https:\/\/cardenal-newman.edu\/en\/wp-json\/wp\/v2\/media?parent=2440"}],"wp:term":[{"taxonomy":"category","embeddable":true,"href":"https:\/\/cardenal-newman.edu\/en\/wp-json\/wp\/v2\/categories?post=2440"},{"taxonomy":"post_tag","embeddable":true,"href":"https:\/\/cardenal-newman.edu\/en\/wp-json\/wp\/v2\/tags?post=2440"},{"taxonomy":"yst_prominent_words","embeddable":true,"href":"https:\/\/cardenal-newman.edu\/en\/wp-json\/wp\/v2\/yst_prominent_words?post=2440"}],"curies":[{"name":"wp","href":"https:\/\/api.w.org\/{rel}","templated":true}]}}