{"id":2495,"date":"2020-05-04T18:40:17","date_gmt":"2020-05-04T21:40:17","guid":{"rendered":"https:\/\/cardenal-newman.edu\/?p=2495"},"modified":"2020-05-05T12:34:46","modified_gmt":"2020-05-05T15:34:46","slug":"5-de-mayo-dia-de-edmundo-rice","status":"publish","type":"post","link":"https:\/\/cardenal-newman.edu\/en\/5-de-mayo-dia-de-edmundo-rice\/","title":{"rendered":"5 de mayo &#8211; D\u00eda de Edmundo Rice"},"content":{"rendered":"\n<h4>Hoy  queremos invitar a todos a celebrar juntos con un d\u00eda especial. <\/h4>\n\n\n\n<h2>10.00 &#8211;  Rezamos el Santo Rosario <\/h2>\n\n\n\n<div class=\"wp-container-3 wp-block-columns\">\n<div class=\"wp-container-1 wp-block-column\" style=\"flex-basis:33.33%\">\n<figure class=\"wp-block-image size-large\"><img loading=\"lazy\" width=\"900\" height=\"718\" src=\"https:\/\/cardenal-newman.edu\/media\/EmunditoLeeBiblia-1.jpg\" alt=\"\" class=\"wp-image-2498\" srcset=\"https:\/\/cardenal-newman.edu\/media\/EmunditoLeeBiblia-1.jpg 900w, https:\/\/cardenal-newman.edu\/media\/EmunditoLeeBiblia-1-600x479.jpg 600w, https:\/\/cardenal-newman.edu\/media\/EmunditoLeeBiblia-1-300x239.jpg 300w, https:\/\/cardenal-newman.edu\/media\/EmunditoLeeBiblia-1-768x613.jpg 768w, https:\/\/cardenal-newman.edu\/media\/EmunditoLeeBiblia-1-226x180.jpg 226w\" sizes=\"(max-width: 900px) 100vw, 900px\" \/><\/figure>\n<\/div>\n\n\n\n<div class=\"wp-container-2 wp-block-column\" style=\"flex-basis:66.66%\">\n<p>\n\nPor las tardes, y especialmente los domingos y d\u00edas de fiesta, la familia de Edmundo Rice se reun\u00eda alrededor de la chimenea en invierno (y al fresco en verano) porque el d\u00eda de ellos terminaba con el rezo del Rosario, costumbre tradicional y venerada en la Irlanda de entonces.<br>Fue precisamente, con el rezo frecuente del Rosario familiar, que se mantuvo vibrante la fe en las \u00e9pocas dif\u00edciles que viv\u00edan los cat\u00f3licos en Irlanda porque estaba prohibida la misa, y tampoco se pod\u00eda celebrar ning\u00fan sacramento.\n\n<\/p>\n\n\n\n<div class=\"wp-block-button aligncenter\"><a class=\"wp-block-button__link\" href=\"https:\/\/youtu.be\/MoZoqEylUtI\">Entrar al Rosario<\/a><\/div>\n<\/div>\n<\/div>\n\n\n\n<h2>19.30 &#8211;  Nos unimos a la Misa de Santa Rita  <\/h2>\n\n\n\n<div class=\"wp-container-6 wp-block-columns\">\n<div class=\"wp-container-4 wp-block-column\" style=\"flex-basis:33.33%\">\n<figure class=\"wp-block-image size-large\"><img loading=\"lazy\" width=\"1024\" height=\"859\" src=\"https:\/\/cardenal-newman.edu\/media\/EdmunditoPizarra-1024x859.jpg\" alt=\"\" class=\"wp-image-2500\" srcset=\"https:\/\/cardenal-newman.edu\/media\/EdmunditoPizarra-1024x859.jpg 1024w, https:\/\/cardenal-newman.edu\/media\/EdmunditoPizarra-600x503.jpg 600w, https:\/\/cardenal-newman.edu\/media\/EdmunditoPizarra-300x252.jpg 300w, https:\/\/cardenal-newman.edu\/media\/EdmunditoPizarra-768x644.jpg 768w, https:\/\/cardenal-newman.edu\/media\/EdmunditoPizarra-215x180.jpg 215w, https:\/\/cardenal-newman.edu\/media\/EdmunditoPizarra.jpg 1183w\" sizes=\"(max-width: 1024px) 100vw, 1024px\" \/><\/figure>\n<\/div>\n\n\n\n<div class=\"wp-container-5 wp-block-column\" style=\"flex-basis:66.66%\">\n<div style=\"height:20px\" aria-hidden=\"true\" class=\"wp-block-spacer\"><\/div>\n\n\n\n<p>El Padre Ra\u00fal Pizarro nos invita a unirnos a la comunidad de Santa Rita para darle gracias a Dios por la vida del Beato Edmundo.&nbsp;<\/p>\n\n\n\n<p>Es a las 19.30 por Instagram (@parroquia_santa_rita)&nbsp; y Facebook de la Parroquia Santa Rita.&nbsp;&nbsp;<\/p>\n\n\n\n<div class=\"wp-block-button aligncenter\"><a class=\"wp-block-button__link\" href=\"https:\/\/www.facebook.com\/ParroquiaSantuarioSantaRita\/\">Facebook Santa Rita<\/a><\/div>\n\n\n\n<p> <\/p>\n<\/div>\n<\/div>\n\n\n\n<h2 class=\"has-text-align-center\">\u00a110 a\u00f1os de Celebrar la vida de Edmundo en Primaria! <\/h2>\n\n\n\n<h4 class=\"has-text-align-center\">Con todo un d\u00eda diferente de juegos y actividades.<\/h4>\n\n\n\n<div class=\"wp-block-button aligncenter\"><a class=\"wp-block-button__link\" href=\"https:\/\/youtu.be\/qLKx_GXKXSE\">Video 10 a\u00f1os<\/a><\/div>\n\n\n\n<div style=\"height:50px\" aria-hidden=\"true\" class=\"wp-block-spacer\"><\/div>\n\n\n\n<div class=\"wp-container-10 wp-block-columns\">\n<div class=\"wp-container-7 wp-block-column\">\n<figure class=\"wp-block-image size-large\"><img loading=\"lazy\" width=\"1024\" height=\"768\" src=\"https:\/\/cardenal-newman.edu\/media\/PHOTO-2020-05-04-14-44-26-1024x768.jpg\" alt=\"\" class=\"wp-image-2503\" srcset=\"https:\/\/cardenal-newman.edu\/media\/PHOTO-2020-05-04-14-44-26-1024x768.jpg 1024w, https:\/\/cardenal-newman.edu\/media\/PHOTO-2020-05-04-14-44-26-600x450.jpg 600w, https:\/\/cardenal-newman.edu\/media\/PHOTO-2020-05-04-14-44-26-300x225.jpg 300w, https:\/\/cardenal-newman.edu\/media\/PHOTO-2020-05-04-14-44-26-768x576.jpg 768w, https:\/\/cardenal-newman.edu\/media\/PHOTO-2020-05-04-14-44-26-240x180.jpg 240w, https:\/\/cardenal-newman.edu\/media\/PHOTO-2020-05-04-14-44-26.jpg 1280w\" sizes=\"(max-width: 1024px) 100vw, 1024px\" \/><\/figure>\n<\/div>\n\n\n\n<div class=\"wp-container-8 wp-block-column\">\n<figure class=\"wp-block-image size-large\"><img loading=\"lazy\" width=\"1024\" height=\"768\" src=\"https:\/\/cardenal-newman.edu\/media\/PHOTO-2020-05-04-14-44-22_1-1024x768.jpg\" alt=\"\" class=\"wp-image-2504\" srcset=\"https:\/\/cardenal-newman.edu\/media\/PHOTO-2020-05-04-14-44-22_1-1024x768.jpg 1024w, https:\/\/cardenal-newman.edu\/media\/PHOTO-2020-05-04-14-44-22_1-600x450.jpg 600w, https:\/\/cardenal-newman.edu\/media\/PHOTO-2020-05-04-14-44-22_1-300x225.jpg 300w, https:\/\/cardenal-newman.edu\/media\/PHOTO-2020-05-04-14-44-22_1-768x576.jpg 768w, https:\/\/cardenal-newman.edu\/media\/PHOTO-2020-05-04-14-44-22_1-240x180.jpg 240w, https:\/\/cardenal-newman.edu\/media\/PHOTO-2020-05-04-14-44-22_1.jpg 1280w\" sizes=\"(max-width: 1024px) 100vw, 1024px\" \/><\/figure>\n<\/div>\n\n\n\n<div class=\"wp-container-9 wp-block-column\">\n<figure class=\"wp-block-image size-large\"><img loading=\"lazy\" width=\"1024\" height=\"768\" src=\"https:\/\/cardenal-newman.edu\/media\/PHOTO-2020-05-04-14-44-24-1024x768.jpg\" alt=\"\" class=\"wp-image-2505\" srcset=\"https:\/\/cardenal-newman.edu\/media\/PHOTO-2020-05-04-14-44-24-1024x768.jpg 1024w, https:\/\/cardenal-newman.edu\/media\/PHOTO-2020-05-04-14-44-24-600x450.jpg 600w, https:\/\/cardenal-newman.edu\/media\/PHOTO-2020-05-04-14-44-24-300x225.jpg 300w, https:\/\/cardenal-newman.edu\/media\/PHOTO-2020-05-04-14-44-24-768x576.jpg 768w, https:\/\/cardenal-newman.edu\/media\/PHOTO-2020-05-04-14-44-24-240x180.jpg 240w, https:\/\/cardenal-newman.edu\/media\/PHOTO-2020-05-04-14-44-24.jpg 1280w\" sizes=\"(max-width: 1024px) 100vw, 1024px\" \/><\/figure>\n<\/div>\n<\/div>\n\n\n\n<div style=\"height:50px\" aria-hidden=\"true\" class=\"wp-block-spacer\"><\/div>\n\n\n\n<div class=\"wp-container-13 wp-block-columns\">\n<div class=\"wp-container-11 wp-block-column\">\n<h2 class=\"has-text-align-center\">\u00bfTe contamos la historia de Edmundo Rice?<\/h2>\n\n\n\n<div class=\"wp-block-button aligncenter\"><a class=\"wp-block-button__link\" href=\"https:\/\/cardenal-newman.edu\/edmundo-rice\/\">Entr\u00e1 Aqui<\/a><\/div>\n\n\n\n<div style=\"height:40px\" aria-hidden=\"true\" class=\"wp-block-spacer\"><\/div>\n<\/div>\n\n\n\n<div class=\"wp-container-12 wp-block-column\">\n<div class=\"wp-block-image\"><figure class=\"aligncenter size-medium\"><img loading=\"lazy\" width=\"225\" height=\"300\" src=\"https:\/\/cardenal-newman.edu\/media\/unnamed-4-2-225x300.jpg\" alt=\"\" class=\"wp-image-2506\" srcset=\"https:\/\/cardenal-newman.edu\/media\/unnamed-4-2-225x300.jpg 225w, https:\/\/cardenal-newman.edu\/media\/unnamed-4-2-scaled-600x800.jpg 600w, https:\/\/cardenal-newman.edu\/media\/unnamed-4-2-768x1024.jpg 768w, https:\/\/cardenal-newman.edu\/media\/unnamed-4-2-1152x1536.jpg 1152w, https:\/\/cardenal-newman.edu\/media\/unnamed-4-2-scaled.jpg 1536w, https:\/\/cardenal-newman.edu\/media\/unnamed-4-2-135x180.jpg 135w\" sizes=\"(max-width: 225px) 100vw, 225px\" \/><\/figure><\/div>\n<\/div>\n<\/div>\n\n\n\n<div style=\"height:50px\" aria-hidden=\"true\" class=\"wp-block-spacer\"><\/div>\n\n\n\n<div class=\"wp-container-16 wp-block-columns\">\n<div class=\"wp-container-14 wp-block-column\">\n<div style=\"height:40px\" aria-hidden=\"true\" class=\"wp-block-spacer\"><\/div>\n\n\n\n<div class=\"wp-block-image\"><figure class=\"aligncenter size-medium\"><img loading=\"lazy\" width=\"300\" height=\"218\" src=\"https:\/\/cardenal-newman.edu\/media\/cantata-1-300x218.jpg\" alt=\"\" class=\"wp-image-2510\" srcset=\"https:\/\/cardenal-newman.edu\/media\/cantata-1-300x218.jpg 300w, https:\/\/cardenal-newman.edu\/media\/cantata-1-600x437.jpg 600w, https:\/\/cardenal-newman.edu\/media\/cantata-1-768x559.jpg 768w, https:\/\/cardenal-newman.edu\/media\/cantata-1-240x175.jpg 240w, https:\/\/cardenal-newman.edu\/media\/cantata-1.jpg 816w\" sizes=\"(max-width: 300px) 100vw, 300px\" \/><\/figure><\/div>\n<\/div>\n\n\n\n<div class=\"wp-container-15 wp-block-column\">\n<h2 class=\"has-text-align-center\">\u00bfSab\u00edas que?<\/h2>\n\n\n\n<p>El 1ro de junio de 2012, estrenamos la Cantata Edmund Rice para celebrar los 250 a\u00f1os de su nacimiento. Un d\u00eda muy especial para el Colegio. La compuso Daniel Vallejos, la dirigi\u00f3 su padre Eduardo y participaron el Coro de alumnos de primaria y secundaria, el de adultos y un ensemble del Teatro Col\u00f3n con algunos de los alumnos de la orquesta. La letra de la Cantata corresponden a las oraciones de Edmundo que est\u00e1n en el hall del Colegio. <\/p>\n\n\n\n<div class=\"wp-block-button aligncenter\"><a class=\"wp-block-button__link\" href=\"https:\/\/www.youtube.com\/watch?v=sMYlK-Ff2mU\">Highlights  Cantata (13\u00b4)<\/a><\/div>\n<\/div>\n<\/div>\n\n\n\n<p><\/p>\n","protected":false},"excerpt":{"rendered":"<p>Hoy queremos invitar a todos a celebrar juntos con un d\u00eda especial. 10.00 &#8211; Rezamos el Santo Rosario Por las tardes, y especialmente los domingos y d\u00edas de fiesta, la familia de Edmundo Rice se reun\u00eda alrededor de la chimenea en invierno (y al fresco en verano) porque el d\u00eda de ellos terminaba con el rezo del Rosario, costumbre tradicional &hellip;<\/p>\n<p class=\"read-more\"> <a class=\"ast-button\" href=\"https:\/\/cardenal-newman.edu\/en\/5-de-mayo-dia-de-edmundo-rice\/\"> <span class=\"screen-reader-text\">5 de mayo &#8211; D\u00eda de Edmundo Rice<\/span> Read More \u00bb<\/a><\/p>\n","protected":false},"author":2,"featured_media":2500,"comment_status":"closed","ping_status":"closed","sticky":false,"template":"","format":"standard","meta":{"inline_featured_image":false,"site-sidebar-layout":"default","site-content-layout":"default","ast-global-header-display":"","ast-main-header-display":"","ast-hfb-above-header-display":"","ast-hfb-below-header-display":"","ast-hfb-mobile-header-display":"","site-post-title":"","ast-breadcrumbs-content":"","ast-featured-img":"","footer-sml-layout":"","theme-transparent-header-meta":"default","adv-header-id-meta":"","stick-header-meta":"default","header-above-stick-meta":"","header-main-stick-meta":"","header-below-stick-meta":""},"categories":[1],"tags":[],"yst_prominent_words":[1388,1372,1382,1348,98,77,111,1381,1373,119,1353,590,328,1349,115,1371,1347,1370,1369,61],"_links":{"self":[{"href":"https:\/\/cardenal-newman.edu\/en\/wp-json\/wp\/v2\/posts\/2495"}],"collection":[{"href":"https:\/\/cardenal-newman.edu\/en\/wp-json\/wp\/v2\/posts"}],"about":[{"href":"https:\/\/cardenal-newman.edu\/en\/wp-json\/wp\/v2\/types\/post"}],"author":[{"embeddable":true,"href":"https:\/\/cardenal-newman.edu\/en\/wp-json\/wp\/v2\/users\/2"}],"replies":[{"embeddable":true,"href":"https:\/\/cardenal-newman.edu\/en\/wp-json\/wp\/v2\/comments?post=2495"}],"version-history":[{"count":14,"href":"https:\/\/cardenal-newman.edu\/en\/wp-json\/wp\/v2\/posts\/2495\/revisions"}],"predecessor-version":[{"id":2525,"href":"https:\/\/cardenal-newman.edu\/en\/wp-json\/wp\/v2\/posts\/2495\/revisions\/2525"}],"wp:featuredmedia":[{"embeddable":true,"href":"https:\/\/cardenal-newman.edu\/en\/wp-json\/wp\/v2\/media\/2500"}],"wp:attachment":[{"href":"https:\/\/cardenal-newman.edu\/en\/wp-json\/wp\/v2\/media?parent=2495"}],"wp:term":[{"taxonomy":"category","embeddable":true,"href":"https:\/\/cardenal-newman.edu\/en\/wp-json\/wp\/v2\/categories?post=2495"},{"taxonomy":"post_tag","embeddable":true,"href":"https:\/\/cardenal-newman.edu\/en\/wp-json\/wp\/v2\/tags?post=2495"},{"taxonomy":"yst_prominent_words","embeddable":true,"href":"https:\/\/cardenal-newman.edu\/en\/wp-json\/wp\/v2\/yst_prominent_words?post=2495"}],"curies":[{"name":"wp","href":"https:\/\/api.w.org\/{rel}","templated":true}]}}