{"id":2536,"date":"2020-05-08T08:24:37","date_gmt":"2020-05-08T11:24:37","guid":{"rendered":"https:\/\/cardenal-newman.edu\/?p=2536"},"modified":"2020-05-08T10:14:15","modified_gmt":"2020-05-08T13:14:15","slug":"8-de-mayo-dia-de-la-virgen-de-lujan","status":"publish","type":"post","link":"https:\/\/cardenal-newman.edu\/en\/8-de-mayo-dia-de-la-virgen-de-lujan\/","title":{"rendered":"8 de mayo: D\u00eda de la Virgen de Luj\u00e1n"},"content":{"rendered":"\n<div class=\"wp-container-3 wp-block-columns\">\n<div class=\"wp-container-1 wp-block-column\">\n<div style=\"height:30px\" aria-hidden=\"true\" class=\"wp-block-spacer\"><\/div>\n\n\n\n<p> Hoy es el d\u00eda de la Virgen de Luj\u00e1n<br>En su d\u00eda, nos acercamos a nuestra Madre, como tantas veces lo hemos hecho, caminando hasta su encuentro para pedirle por la Patria. En estos tiempos tan dif\u00edciles para todos los argentinos le pedimos que acerque nuestras intenciones hasta las manos de su Hijo y nos siga alentando a seguir el camino.<br>Les compartimos la oraci\u00f3n de la Patria que los Obispos argentinos escribieron en el 2001 para rezar por todos los que formamos este pa\u00eds.<br>Confiando en el Se\u00f1or de la historia junto a Mar\u00eda le decimos: <\/p>\n<\/div>\n\n\n\n<div class=\"wp-container-2 wp-block-column\">\n<figure class=\"wp-block-image size-large\"><img loading=\"lazy\" width=\"1024\" height=\"768\" src=\"https:\/\/cardenal-newman.edu\/media\/virgenLujan-1024x768.jpg\" alt=\"\" class=\"wp-image-2537\" srcset=\"https:\/\/cardenal-newman.edu\/media\/virgenLujan-1024x768.jpg 1024w, https:\/\/cardenal-newman.edu\/media\/virgenLujan-600x450.jpg 600w, https:\/\/cardenal-newman.edu\/media\/virgenLujan-300x225.jpg 300w, https:\/\/cardenal-newman.edu\/media\/virgenLujan-768x576.jpg 768w, https:\/\/cardenal-newman.edu\/media\/virgenLujan-240x180.jpg 240w, https:\/\/cardenal-newman.edu\/media\/virgenLujan.jpg 1280w\" sizes=\"(max-width: 1024px) 100vw, 1024px\" \/><\/figure>\n<\/div>\n<\/div>\n\n\n\n<div style=\"height:60px\" aria-hidden=\"true\" class=\"wp-block-spacer\"><\/div>\n\n\n\n<div class=\"wp-container-7 wp-block-columns\">\n<div class=\"wp-container-4 wp-block-column\">\n<div class=\"wp-block-image\"><figure class=\"aligncenter size-thumbnail\"><img loading=\"lazy\" width=\"150\" height=\"150\" src=\"https:\/\/cardenal-newman.edu\/media\/PHOTO-2019-10-24-20-42-14-2-150x150.jpg\" alt=\"\" class=\"wp-image-2541\" srcset=\"https:\/\/cardenal-newman.edu\/media\/PHOTO-2019-10-24-20-42-14-2-150x150.jpg 150w, https:\/\/cardenal-newman.edu\/media\/PHOTO-2019-10-24-20-42-14-2-300x300.jpg 300w, https:\/\/cardenal-newman.edu\/media\/PHOTO-2019-10-24-20-42-14-2-100x100.jpg 100w, https:\/\/cardenal-newman.edu\/media\/PHOTO-2019-10-24-20-42-14-2-32x32.jpg 32w, https:\/\/cardenal-newman.edu\/media\/PHOTO-2019-10-24-20-42-14-2-48x48.jpg 48w, https:\/\/cardenal-newman.edu\/media\/PHOTO-2019-10-24-20-42-14-2-80x80.jpg 80w\" sizes=\"(max-width: 150px) 100vw, 150px\" \/><\/figure><\/div>\n<\/div>\n\n\n\n<div class=\"wp-container-5 wp-block-column\">\n<div class=\"wp-block-image\"><figure class=\"aligncenter size-thumbnail\"><img loading=\"lazy\" width=\"150\" height=\"150\" src=\"https:\/\/cardenal-newman.edu\/media\/PHOTO-2019-10-24-15-16-54_2-150x150.jpg\" alt=\"\" class=\"wp-image-2542\" srcset=\"https:\/\/cardenal-newman.edu\/media\/PHOTO-2019-10-24-15-16-54_2-150x150.jpg 150w, https:\/\/cardenal-newman.edu\/media\/PHOTO-2019-10-24-15-16-54_2-300x300.jpg 300w, https:\/\/cardenal-newman.edu\/media\/PHOTO-2019-10-24-15-16-54_2-100x100.jpg 100w, https:\/\/cardenal-newman.edu\/media\/PHOTO-2019-10-24-15-16-54_2-32x32.jpg 32w, https:\/\/cardenal-newman.edu\/media\/PHOTO-2019-10-24-15-16-54_2-48x48.jpg 48w, https:\/\/cardenal-newman.edu\/media\/PHOTO-2019-10-24-15-16-54_2-80x80.jpg 80w\" sizes=\"(max-width: 150px) 100vw, 150px\" \/><\/figure><\/div>\n<\/div>\n\n\n\n<div class=\"wp-container-6 wp-block-column\">\n<div class=\"wp-block-image\"><figure class=\"aligncenter size-thumbnail\"><img loading=\"lazy\" width=\"150\" height=\"150\" src=\"https:\/\/cardenal-newman.edu\/media\/PHOTO-2019-10-24-15-16-54_1-150x150.jpg\" alt=\"\" class=\"wp-image-2543\" srcset=\"https:\/\/cardenal-newman.edu\/media\/PHOTO-2019-10-24-15-16-54_1-150x150.jpg 150w, https:\/\/cardenal-newman.edu\/media\/PHOTO-2019-10-24-15-16-54_1-300x300.jpg 300w, https:\/\/cardenal-newman.edu\/media\/PHOTO-2019-10-24-15-16-54_1-100x100.jpg 100w, https:\/\/cardenal-newman.edu\/media\/PHOTO-2019-10-24-15-16-54_1-32x32.jpg 32w, https:\/\/cardenal-newman.edu\/media\/PHOTO-2019-10-24-15-16-54_1-48x48.jpg 48w, https:\/\/cardenal-newman.edu\/media\/PHOTO-2019-10-24-15-16-54_1-80x80.jpg 80w\" sizes=\"(max-width: 150px) 100vw, 150px\" \/><\/figure><\/div>\n<\/div>\n<\/div>\n\n\n\n<div style=\"height:60px\" aria-hidden=\"true\" class=\"wp-block-spacer\"><\/div>\n\n\n\n<div class=\"wp-container-10 wp-block-columns\">\n<div class=\"wp-container-8 wp-block-column\">\n<div style=\"height:60px\" aria-hidden=\"true\" class=\"wp-block-spacer\"><\/div>\n\n\n\n<div class=\"wp-block-image\"><figure class=\"aligncenter size-large\"><img loading=\"lazy\" width=\"768\" height=\"1024\" src=\"https:\/\/cardenal-newman.edu\/media\/PHOTO-2019-10-24-15-16-54.jpg\" alt=\"\" class=\"wp-image-2538\" srcset=\"https:\/\/cardenal-newman.edu\/media\/PHOTO-2019-10-24-15-16-54.jpg 768w, https:\/\/cardenal-newman.edu\/media\/PHOTO-2019-10-24-15-16-54-600x800.jpg 600w, https:\/\/cardenal-newman.edu\/media\/PHOTO-2019-10-24-15-16-54-225x300.jpg 225w, https:\/\/cardenal-newman.edu\/media\/PHOTO-2019-10-24-15-16-54-135x180.jpg 135w\" sizes=\"(max-width: 768px) 100vw, 768px\" \/><\/figure><\/div>\n<\/div>\n\n\n\n<div class=\"wp-container-9 wp-block-column\">\n<h2 class=\"has-text-align-center\">Oraci\u00f3n por la Patria<\/h2>\n\n\n\n<p><br>Jesucristo, Se\u00f1or de la historia, te necesitamos.<br>Nos sentimos heridos y agobiados.<br>Precisamos tu alivio y fortaleza.<br>Queremos ser naci\u00f3n,<br>una naci\u00f3n cuya identidad<br>sea la pasi\u00f3n por la verdad<br>y el compromiso por el bien com\u00fan.<br>Danos la valent\u00eda de la libertad<br>de los hijos de Dios<br>para amar a todos sin excluir a nadie,<br>privilegiando a los pobres<br>y perdonando a los que nos ofenden,<br>aborreciendo el odio y construyendo la paz.<br>Conc\u00e9denos la sabidur\u00eda del di\u00e1logo<br>y la alegr\u00eda de la esperanza que no defrauda.<br>T\u00fa nos convocas. Aqu\u00ed estamos, Se\u00f1or,<br>cercanos a Mar\u00eda, que desde Luj\u00e1n nos dice:<br>\u00a1Argentina! \u00a1Canta y camina!<br>Jesucristo, Se\u00f1or de la historia, te necesitamos.<br>Am\u00e9n. <\/p>\n<\/div>\n<\/div>\n\n\n\n<div style=\"height:40px\" aria-hidden=\"true\" class=\"wp-block-spacer\"><\/div>\n\n\n\n<h2 class=\"has-text-align-center\">Historia de la Virgen de Luj\u00e1n<\/h2>\n\n\n\n<p> Su historia comienza en el a\u00f1o 1630, cuando Don Antonio Far\u00edas de Sa\u00e1, un portugu\u00e9s que viv\u00eda en Santiago del Estero, quer\u00eda tener en la Capilla de su casa un altar dedicado a la Virgen Mar\u00eda. Le escribi\u00f3 a un amigo que viv\u00eda en Brasil, encarg\u00e1ndole dos im\u00e1genes de Mar\u00eda, la Inmaculada Concepci\u00f3n y otra con el Ni\u00f1o Jes\u00fas en los brazos.Cuando las im\u00e1genes de la Virgen llegaron al puerto de Buenos Aires, colocaron las dos cajas de madera en la carreta que emprender\u00eda el viaje hacia Santiago del Estero. Al amanecer del tercer d\u00eda, estando a orillas del r\u00edo Luj\u00e1n, inexplicablemente los bueyes que tiraban la carreta, no se mov\u00edan. Entonces empezaron a quitar carga de la carreta para hacerla menos pesada y nada. <\/p>\n\n\n\n<div class=\"wp-container-13 wp-block-columns\">\n<div class=\"wp-container-11 wp-block-column\">\n<div class=\"wp-block-image\"><figure class=\"aligncenter size-medium\"><img loading=\"lazy\" width=\"146\" height=\"300\" src=\"https:\/\/cardenal-newman.edu\/media\/unnamed-4-4-146x300.jpg\" alt=\"\" class=\"wp-image-2549\" srcset=\"https:\/\/cardenal-newman.edu\/media\/unnamed-4-4-146x300.jpg 146w, https:\/\/cardenal-newman.edu\/media\/unnamed-4-4-600x1235.jpg 600w, https:\/\/cardenal-newman.edu\/media\/unnamed-4-4-498x1024.jpg 498w, https:\/\/cardenal-newman.edu\/media\/unnamed-4-4-87x180.jpg 87w, https:\/\/cardenal-newman.edu\/media\/unnamed-4-4.jpg 622w\" sizes=\"(max-width: 146px) 100vw, 146px\" \/><\/figure><\/div>\n<\/div>\n\n\n\n<div class=\"wp-container-12 wp-block-column\">\n<p> Siguieron sacando la carga y nada. Quedaba solo un peque\u00f1o cajoncito arriba de la carreta, y alguien lo tom\u00f3 y lo quit\u00f3, al hacerlo, los bueyes comenzaron a moverse normalmente. Colocaban el cajoncito adentro de la carreta y se frenaban otra vez. Curiosos los viajeros y las personas del lugar, quisieron conocer lo que hab\u00eda adentro. Cuando abrieron el estuche, \u00a1encontraron la imagen de la Inmaculada Concepci\u00f3n de Mar\u00eda! Todos comprendieron que lo que hab\u00eda ocurrido era una se\u00f1al de la Virgen, que quer\u00eda permanecer en ese lugar. Con mucha fe, todos los que estaban all\u00ed se pusieron a rezar y por estar tan cerquita del r\u00edo Luj\u00e1n, a la Virgen la bautizaron Nuestra Se\u00f1ora de Luj\u00e1n.  <\/p>\n<\/div>\n<\/div>\n","protected":false},"excerpt":{"rendered":"<p>Hoy es el d\u00eda de la Virgen de Luj\u00e1nEn su d\u00eda, nos acercamos a nuestra Madre, como tantas veces lo hemos hecho, caminando hasta su encuentro para pedirle por la Patria. En estos tiempos tan dif\u00edciles para todos los argentinos le pedimos que acerque nuestras intenciones hasta las manos de su Hijo y nos siga alentando a seguir el camino.Les &hellip;<\/p>\n<p class=\"read-more\"> <a class=\"ast-button\" href=\"https:\/\/cardenal-newman.edu\/en\/8-de-mayo-dia-de-la-virgen-de-lujan\/\"> <span class=\"screen-reader-text\">8 de mayo: D\u00eda de la Virgen de Luj\u00e1n<\/span> Read More \u00bb<\/a><\/p>\n","protected":false},"author":2,"featured_media":2538,"comment_status":"closed","ping_status":"closed","sticky":false,"template":"","format":"standard","meta":{"inline_featured_image":false,"site-sidebar-layout":"default","site-content-layout":"default","ast-global-header-display":"","ast-main-header-display":"","ast-hfb-above-header-display":"","ast-hfb-below-header-display":"","ast-hfb-mobile-header-display":"","site-post-title":"","ast-breadcrumbs-content":"","ast-featured-img":"","footer-sml-layout":"","theme-transparent-header-meta":"default","adv-header-id-meta":"","stick-header-meta":"default","header-above-stick-meta":"","header-main-stick-meta":"","header-below-stick-meta":""},"categories":[519],"tags":[],"yst_prominent_words":[1393,1408,1230,1403,1399,1396,1394,779,1397,76,1400,1398,1392,1415,1405,1414,888,1395,1402,1409],"_links":{"self":[{"href":"https:\/\/cardenal-newman.edu\/en\/wp-json\/wp\/v2\/posts\/2536"}],"collection":[{"href":"https:\/\/cardenal-newman.edu\/en\/wp-json\/wp\/v2\/posts"}],"about":[{"href":"https:\/\/cardenal-newman.edu\/en\/wp-json\/wp\/v2\/types\/post"}],"author":[{"embeddable":true,"href":"https:\/\/cardenal-newman.edu\/en\/wp-json\/wp\/v2\/users\/2"}],"replies":[{"embeddable":true,"href":"https:\/\/cardenal-newman.edu\/en\/wp-json\/wp\/v2\/comments?post=2536"}],"version-history":[{"count":5,"href":"https:\/\/cardenal-newman.edu\/en\/wp-json\/wp\/v2\/posts\/2536\/revisions"}],"predecessor-version":[{"id":2550,"href":"https:\/\/cardenal-newman.edu\/en\/wp-json\/wp\/v2\/posts\/2536\/revisions\/2550"}],"wp:featuredmedia":[{"embeddable":true,"href":"https:\/\/cardenal-newman.edu\/en\/wp-json\/wp\/v2\/media\/2538"}],"wp:attachment":[{"href":"https:\/\/cardenal-newman.edu\/en\/wp-json\/wp\/v2\/media?parent=2536"}],"wp:term":[{"taxonomy":"category","embeddable":true,"href":"https:\/\/cardenal-newman.edu\/en\/wp-json\/wp\/v2\/categories?post=2536"},{"taxonomy":"post_tag","embeddable":true,"href":"https:\/\/cardenal-newman.edu\/en\/wp-json\/wp\/v2\/tags?post=2536"},{"taxonomy":"yst_prominent_words","embeddable":true,"href":"https:\/\/cardenal-newman.edu\/en\/wp-json\/wp\/v2\/yst_prominent_words?post=2536"}],"curies":[{"name":"wp","href":"https:\/\/api.w.org\/{rel}","templated":true}]}}