{"id":2629,"date":"2020-05-16T17:19:12","date_gmt":"2020-05-16T20:19:12","guid":{"rendered":"https:\/\/cardenal-newman.edu\/?p=2629"},"modified":"2020-05-17T11:20:00","modified_gmt":"2020-05-17T14:20:00","slug":"17-de-mayo-dia-internacional-reciclado","status":"publish","type":"post","link":"https:\/\/cardenal-newman.edu\/en\/17-de-mayo-dia-internacional-reciclado\/","title":{"rendered":"17 de mayo: D\u00eda Internacional Reciclado"},"content":{"rendered":"\n<p><\/p>\n\n\n\n<div class=\"wp-container-3 wp-block-columns\">\n<div class=\"wp-container-1 wp-block-column\">\n<figure class=\"wp-block-image size-large\"><img loading=\"lazy\" width=\"720\" height=\"720\" src=\"https:\/\/cardenal-newman.edu\/media\/large_Flyer_-_D_a_del_Reciclaje-1.png\" alt=\"\" class=\"wp-image-2656\" srcset=\"https:\/\/cardenal-newman.edu\/media\/large_Flyer_-_D_a_del_Reciclaje-1.png 720w, https:\/\/cardenal-newman.edu\/media\/large_Flyer_-_D_a_del_Reciclaje-1-300x300.png 300w, https:\/\/cardenal-newman.edu\/media\/large_Flyer_-_D_a_del_Reciclaje-1-100x100.png 100w, https:\/\/cardenal-newman.edu\/media\/large_Flyer_-_D_a_del_Reciclaje-1-600x600.png 600w, https:\/\/cardenal-newman.edu\/media\/large_Flyer_-_D_a_del_Reciclaje-1-150x150.png 150w, https:\/\/cardenal-newman.edu\/media\/large_Flyer_-_D_a_del_Reciclaje-1-32x32.png 32w, https:\/\/cardenal-newman.edu\/media\/large_Flyer_-_D_a_del_Reciclaje-1-48x48.png 48w, https:\/\/cardenal-newman.edu\/media\/large_Flyer_-_D_a_del_Reciclaje-1-80x80.png 80w, https:\/\/cardenal-newman.edu\/media\/large_Flyer_-_D_a_del_Reciclaje-1-180x180.png 180w\" sizes=\"(max-width: 720px) 100vw, 720px\" \/><\/figure>\n<\/div>\n\n\n\n<div class=\"wp-container-2 wp-block-column\">\n<div style=\"height:20px\" aria-hidden=\"true\" class=\"wp-block-spacer\"><\/div>\n\n\n\n<h3><strong>Desde el a\u00f1o 2005, la UNESCO decidi\u00f3 instaurar el 17 de mayo como el D\u00eda Mundial del Reciclaje para concientizar a las personas sobre la importancia de tratar correctamente a los residuos para proteger el ambiente.<\/strong> <strong>El objetivo es reducir el volumen de los desechos generados y minimizar nuestra huella de carbono. Se puede resumir en la regla de las tres erres:<\/strong><\/h3>\n<\/div>\n<\/div>\n\n\n\n<p><\/p>\n\n\n\n<div class=\"wp-container-7 wp-block-columns\">\n<div class=\"wp-container-4 wp-block-column\">\n<h2 class=\"has-text-align-center\">Reducir<\/h2>\n\n\n\n<p><strong>Cuando vamos de compras, llevar nuestras bolsas de&nbsp; tela o utilizar cajas del super para evitar el uso de&nbsp; envases pl\u00e1sticos desechables. Lo ideal&nbsp;&nbsp; ser\u00eda comprar a granel pero se necesita una infraestructura que cuide la calidad y sanidad de los productos.<\/strong><\/p>\n<\/div>\n\n\n\n<div class=\"wp-container-5 wp-block-column\">\n<h2 class=\"has-text-align-center\">Reutilizar<\/h2>\n\n\n\n<p><strong>Dar una nueva vida a las cosas que ya no nos sirven. Antes de tirarlas a la basura, pensar que te pueden servir para otra cosa: botellas, bolsas y cajas de cart\u00f3n pueden tener varios usos y servir como macetas, para decoraci\u00f3n, construir cosas, etc.<\/strong><\/p>\n<\/div>\n\n\n\n<div class=\"wp-container-6 wp-block-column\">\n<h2 class=\"has-text-align-center\">Reciclar<\/h2>\n\n\n\n<p><strong>La mayor\u00eda de materiales que utilizamos pueden reciclarse. Esto depende de las instituciones y de nosotros mismos. <\/strong><\/p>\n<\/div>\n<\/div>\n\n\n\n<div style=\"height:40px\" aria-hidden=\"true\" class=\"wp-block-spacer\"><\/div>\n\n\n\n<div class=\"wp-block-cover has-very-light-gray-background-color has-background-dim\" style=\"min-height:291px\"><div class=\"wp-block-cover__inner-container\">\n<h2 class=\"has-very-dark-gray-color has-text-color has-text-align-center\">\u00bfSab\u00edas que?<\/h2>\n\n\n\n<p class=\"has-text-color has-text-align-center has-normal-font-size has-very-dark-gray-color\"><strong>Por ejemplo, el reciclaje de 1.000 kg de papel salva la vida de 17 \u00e1rboles. Con botellas de pl\u00e1stico se pueden hacer juegos de plazas, mesas y bancos para el&nbsp; jard\u00edn de la casa. Tambi\u00e9n, como realizamos en el colegio, la recolecci\u00f3n de dispositivos tecnol\u00f3gicos y el\u00e9ctricos que ya no funcionan, se pueden reparar sus partes para reutilizar en la producci\u00f3n de un nuevo dispositivo, generando tambi\u00e9n fuentes de trabajo.<\/strong><\/p>\n<\/div><\/div>\n\n\n\n<div style=\"height:40px\" aria-hidden=\"true\" class=\"wp-block-spacer\"><\/div>\n\n\n\n<div class=\"wp-container-14 wp-block-columns\">\n<div class=\"wp-container-12 wp-block-column\">\n<h2 class=\"has-text-align-center\">Las 3R en m\u00fasica<\/h2>\n\n\n\n<p><strong>Compartimos una canci\u00f3n alusiva de Jack Johnson para disfrutar en el D\u00eda Internacional del Reciclado.<\/strong><\/p>\n\n\n\n<figure class=\"wp-block-embed-youtube wp-block-embed is-type-video is-provider-youtube wp-embed-aspect-16-9 wp-has-aspect-ratio\"><div class=\"wp-block-embed__wrapper\">\n<div class=\"ast-oembed-container\" style=\"height: 100%;\"><iframe loading=\"lazy\" title=\"Jack Johnson - The 3 R&#039;s (Live)\" width=\"500\" height=\"281\" src=\"https:\/\/www.youtube.com\/embed\/U6IbRSRe8MQ?feature=oembed\" frameborder=\"0\" allow=\"accelerometer; autoplay; encrypted-media; gyroscope; picture-in-picture\" allowfullscreen><\/iframe><\/div>\n<\/div><\/figure>\n\n\n\n<div class=\"wp-container-11 wp-block-columns\">\n<div class=\"wp-container-8 wp-block-column\" style=\"flex-basis:25%\"><\/div>\n\n\n\n<div class=\"wp-container-9 wp-block-column\" style=\"flex-basis:50%\"><\/div>\n\n\n\n<div class=\"wp-container-10 wp-block-column\" style=\"flex-basis:25%\"><\/div>\n<\/div>\n<\/div>\n\n\n\n<div class=\"wp-container-13 wp-block-column\">\n<h2 class=\"has-text-align-center\">Testimonio<\/h2>\n\n\n\n<p><strong>Jer\u00f3nimo Batista Bucher que trabaja y piensa en el ambiente y en el bienestar de todos con reconocimiennto mundial.<\/strong><\/p>\n\n\n\n<figure class=\"wp-block-embed-youtube wp-block-embed is-type-video is-provider-youtube wp-embed-aspect-16-9 wp-has-aspect-ratio\"><div class=\"wp-block-embed__wrapper\">\n<div class=\"ast-oembed-container\" style=\"height: 100%;\"><iframe loading=\"lazy\" title=\"Jer\u00f3nimo Batista Bucher, entre los 100 l\u00edderes del futuro\" width=\"500\" height=\"281\" src=\"https:\/\/www.youtube.com\/embed\/MrQTdWmemFs?feature=oembed\" frameborder=\"0\" allow=\"accelerometer; autoplay; encrypted-media; gyroscope; picture-in-picture\" allowfullscreen><\/iframe><\/div>\n<\/div><\/figure>\n<\/div>\n<\/div>\n\n\n\n<h2 class=\"has-text-align-center\">\u00a1Te invitamos a unirnos en un gesto concreto de Solidaridad!<\/h2>\n\n\n\n<div class=\"wp-container-18 wp-block-columns\">\n<div class=\"wp-container-15 wp-block-column\" style=\"flex-basis:25%\"><\/div>\n\n\n\n<div class=\"wp-container-16 wp-block-column\" style=\"flex-basis:50%\">\n<figure class=\"wp-block-image size-large\"><img loading=\"lazy\" width=\"982\" height=\"1024\" src=\"https:\/\/cardenal-newman.edu\/media\/unnamed-1-9-982x1024.jpg\" alt=\"\" class=\"wp-image-2661\" srcset=\"https:\/\/cardenal-newman.edu\/media\/unnamed-1-9-982x1024.jpg 982w, https:\/\/cardenal-newman.edu\/media\/unnamed-1-9-600x626.jpg 600w, https:\/\/cardenal-newman.edu\/media\/unnamed-1-9-288x300.jpg 288w, https:\/\/cardenal-newman.edu\/media\/unnamed-1-9-768x801.jpg 768w, https:\/\/cardenal-newman.edu\/media\/unnamed-1-9-32x32.jpg 32w, https:\/\/cardenal-newman.edu\/media\/unnamed-1-9-173x180.jpg 173w, https:\/\/cardenal-newman.edu\/media\/unnamed-1-9.jpg 1227w\" sizes=\"(max-width: 982px) 100vw, 982px\" \/><\/figure>\n<\/div>\n\n\n\n<div class=\"wp-container-17 wp-block-column\" style=\"flex-basis:25%\">\n<div style=\"height:100px\" aria-hidden=\"true\" class=\"wp-block-spacer\"><\/div>\n\n\n\n<div class=\"wp-block-image\"><figure class=\"aligncenter size-large is-resized\"><img src=\"https:\/\/cardenal-newman.edu\/media\/icon-and-image-large-icon-phone-1.png\" alt=\"\" class=\"wp-image-2664\" width=\"128\" srcset=\"https:\/\/cardenal-newman.edu\/media\/icon-and-image-large-icon-phone-1.png 256w, https:\/\/cardenal-newman.edu\/media\/icon-and-image-large-icon-phone-1-100x100.png 100w, https:\/\/cardenal-newman.edu\/media\/icon-and-image-large-icon-phone-1-150x150.png 150w, https:\/\/cardenal-newman.edu\/media\/icon-and-image-large-icon-phone-1-32x32.png 32w, https:\/\/cardenal-newman.edu\/media\/icon-and-image-large-icon-phone-1-48x48.png 48w, https:\/\/cardenal-newman.edu\/media\/icon-and-image-large-icon-phone-1-80x80.png 80w, https:\/\/cardenal-newman.edu\/media\/icon-and-image-large-icon-phone-1-180x180.png 180w\" sizes=\"(max-width: 256px) 100vw, 256px\" \/><figcaption><strong>11 5758 4907<\/strong><\/figcaption><\/figure><\/div>\n<\/div>\n<\/div>\n\n\n\n<div class=\"wp-container-21 wp-block-columns\">\n<div class=\"wp-container-19 wp-block-column\"><\/div>\n\n\n\n<div class=\"wp-container-20 wp-block-column\"><\/div>\n<\/div>\n","protected":false},"excerpt":{"rendered":"<p>Desde el a\u00f1o 2005, la UNESCO decidi\u00f3 instaurar el 17 de mayo como el D\u00eda Mundial del Reciclaje para concientizar a las personas sobre la importancia de tratar correctamente a los residuos para proteger el ambiente. El objetivo es reducir el volumen de los desechos generados y minimizar nuestra huella de carbono. Se puede resumir en la regla de las &hellip;<\/p>\n<p class=\"read-more\"> <a class=\"ast-button\" href=\"https:\/\/cardenal-newman.edu\/en\/17-de-mayo-dia-internacional-reciclado\/\"> <span class=\"screen-reader-text\">17 de mayo: D\u00eda Internacional Reciclado<\/span> Read More \u00bb<\/a><\/p>\n","protected":false},"author":2,"featured_media":2652,"comment_status":"closed","ping_status":"closed","sticky":false,"template":"","format":"standard","meta":{"inline_featured_image":false,"site-sidebar-layout":"default","site-content-layout":"default","ast-global-header-display":"","ast-main-header-display":"","ast-hfb-above-header-display":"","ast-hfb-below-header-display":"","ast-hfb-mobile-header-display":"","site-post-title":"","ast-breadcrumbs-content":"","ast-featured-img":"","footer-sml-layout":"","theme-transparent-header-meta":"default","adv-header-id-meta":"","stick-header-meta":"default","header-above-stick-meta":"","header-main-stick-meta":"","header-below-stick-meta":""},"categories":[522],"tags":[],"yst_prominent_words":[1549,354,1546,1552,1547,1556,208,1550,1545,1551,1548,61],"_links":{"self":[{"href":"https:\/\/cardenal-newman.edu\/en\/wp-json\/wp\/v2\/posts\/2629"}],"collection":[{"href":"https:\/\/cardenal-newman.edu\/en\/wp-json\/wp\/v2\/posts"}],"about":[{"href":"https:\/\/cardenal-newman.edu\/en\/wp-json\/wp\/v2\/types\/post"}],"author":[{"embeddable":true,"href":"https:\/\/cardenal-newman.edu\/en\/wp-json\/wp\/v2\/users\/2"}],"replies":[{"embeddable":true,"href":"https:\/\/cardenal-newman.edu\/en\/wp-json\/wp\/v2\/comments?post=2629"}],"version-history":[{"count":13,"href":"https:\/\/cardenal-newman.edu\/en\/wp-json\/wp\/v2\/posts\/2629\/revisions"}],"predecessor-version":[{"id":2666,"href":"https:\/\/cardenal-newman.edu\/en\/wp-json\/wp\/v2\/posts\/2629\/revisions\/2666"}],"wp:featuredmedia":[{"embeddable":true,"href":"https:\/\/cardenal-newman.edu\/en\/wp-json\/wp\/v2\/media\/2652"}],"wp:attachment":[{"href":"https:\/\/cardenal-newman.edu\/en\/wp-json\/wp\/v2\/media?parent=2629"}],"wp:term":[{"taxonomy":"category","embeddable":true,"href":"https:\/\/cardenal-newman.edu\/en\/wp-json\/wp\/v2\/categories?post=2629"},{"taxonomy":"post_tag","embeddable":true,"href":"https:\/\/cardenal-newman.edu\/en\/wp-json\/wp\/v2\/tags?post=2629"},{"taxonomy":"yst_prominent_words","embeddable":true,"href":"https:\/\/cardenal-newman.edu\/en\/wp-json\/wp\/v2\/yst_prominent_words?post=2629"}],"curies":[{"name":"wp","href":"https:\/\/api.w.org\/{rel}","templated":true}]}}