{"id":2735,"date":"2020-05-24T13:29:12","date_gmt":"2020-05-24T16:29:12","guid":{"rendered":"https:\/\/cardenal-newman.edu\/?p=2735"},"modified":"2020-05-24T19:56:50","modified_gmt":"2020-05-24T22:56:50","slug":"25-de-mayo-viva-nuestra-patria","status":"publish","type":"post","link":"https:\/\/cardenal-newman.edu\/en\/25-de-mayo-viva-nuestra-patria\/","title":{"rendered":"25 de mayo: VIVA nuestra PATRIA"},"content":{"rendered":"\n<h4><strong>\u00a1Bienvenidos! En este d\u00eda,  los invitamos a celebrar juntos nuestra Patria. La primera vez en forma virtual, pero con los mismos sentimientos que nos unen como comunidad y argentinos. \u00a1Viva la Patria! <\/strong><\/h4>\n\n\n\n<div class=\"wp-container-3 wp-block-columns\">\n<div class=\"wp-container-1 wp-block-column\"><\/div>\n\n\n\n<div class=\"wp-container-2 wp-block-column\"><\/div>\n<\/div>\n\n\n\n<div style=\"height:50px\" aria-hidden=\"true\" class=\"wp-block-spacer\"><\/div>\n\n\n\n<div class=\"wp-container-10 wp-block-columns\">\n<div class=\"wp-container-8 wp-block-column\" style=\"flex-basis:66.66%\">\n<div class=\"wp-block-image\"><figure class=\"aligncenter size-full is-resized\"><img src=\"https:\/\/cardenal-newman.edu\/media\/unnamed-10.jpg\" alt=\"\" class=\"wp-image-2737\" height=\"603\" srcset=\"https:\/\/cardenal-newman.edu\/media\/unnamed-10.jpg 936w, https:\/\/cardenal-newman.edu\/media\/unnamed-10-600x510.jpg 600w, https:\/\/cardenal-newman.edu\/media\/unnamed-10-300x255.jpg 300w, https:\/\/cardenal-newman.edu\/media\/unnamed-10-768x653.jpg 768w, https:\/\/cardenal-newman.edu\/media\/unnamed-10-212x180.jpg 212w\" sizes=\"(max-width: 936px) 100vw, 936px\" \/><\/figure><\/div>\n\n\n\n<div class=\"wp-container-7 wp-block-columns\">\n<div class=\"wp-container-4 wp-block-column\"><\/div>\n\n\n\n<div class=\"wp-container-5 wp-block-column\"><\/div>\n\n\n\n<div class=\"wp-container-6 wp-block-column\"><\/div>\n<\/div>\n<\/div>\n\n\n\n<div class=\"wp-container-9 wp-block-column\" style=\"flex-basis:33.33%\">\n<h3 class=\"has-text-align-center\"><strong>Nuestros Abanderados<\/strong><\/h3>\n\n\n\n<p>Cada uno es testimonio de responsabilidad, compromiso, perseverancia, solidaridad, respeto, amistad. Valores que hoy, m\u00e1s que nunca, son claves en nuestras vidas. Iniciamos este encuentro con ellos. \u00a1Bravo chicos!<\/p>\n\n\n\n<h4 class=\"has-text-align-center\"><strong>Abanderados 2020<\/strong><\/h4>\n\n\n\n<p><strong> PRIMARIA: Bandera Nacional<\/strong> (Mejores Promedios Castellano): Francisco Kaplun, escoltas Vicente Feeney y Faustino Lanusse. <strong>Abanderados Bandera Provincial<\/strong> (Mejores Compa\u00f1eros):Abanderado  Jean Zavala y escolta Segundo Mansilla  ( Francisco Kaplun no ocupa este lugar por ser Abanderado Bandera Nacional). <strong>Abanderados del Bandera del Colegio:<\/strong> (Mejores Promedios de Ingl\u00e9s). Juan Eijo y escoltas Gregorio Feeney y Vicente Feeney.<\/p>\n<\/div>\n<\/div>\n\n\n\n<p><strong> SECUNDARIA: Bandera Nacional<\/strong> (Mejores Promedios Castellano): Jos\u00e9 Collazo, escoltas I\u00f1aki Pujato y Jos\u00e9 Eijo. <strong>Abanderados Bandera Provincial<\/strong> (Mejores Compa\u00f1eros): Faustino Santarelli y escoltas Juan Manuel Uriburu y Santiago Marolda. Abanderados del <strong>Bandera del Colegio<\/strong>: (Mejores Promedios de Ingl\u00e9s). Mateo Von Wuthenau y escoltas Timoteo Feeney y Luca Martignone.<\/p>\n\n\n\n<div style=\"height:50px\" aria-hidden=\"true\" class=\"wp-block-spacer\"><\/div>\n\n\n\n<h3 class=\"has-text-align-center\"><strong>Palabras de Marit<\/strong>\u00e9<\/h3>\n\n\n\n<div class=\"wp-container-16 wp-block-group\"><div class=\"wp-block-group__inner-container\">\n<div class=\"wp-container-15 wp-block-columns\">\n<div class=\"wp-container-12 wp-block-column\">\n<div class=\"wp-block-image\"><figure class=\"aligncenter size-medium\"><img loading=\"lazy\" width=\"225\" height=\"300\" src=\"https:\/\/cardenal-newman.edu\/media\/unnamed-8-1-225x300.jpg\" alt=\"\" class=\"wp-image-2738\" srcset=\"https:\/\/cardenal-newman.edu\/media\/unnamed-8-1-225x300.jpg 225w, https:\/\/cardenal-newman.edu\/media\/unnamed-8-1-scaled-600x800.jpg 600w, https:\/\/cardenal-newman.edu\/media\/unnamed-8-1-768x1024.jpg 768w, https:\/\/cardenal-newman.edu\/media\/unnamed-8-1-1152x1536.jpg 1152w, https:\/\/cardenal-newman.edu\/media\/unnamed-8-1-scaled.jpg 1536w, https:\/\/cardenal-newman.edu\/media\/unnamed-8-1-135x180.jpg 135w\" sizes=\"(max-width: 225px) 100vw, 225px\" \/><\/figure><\/div>\n\n\n\n<div class=\"wp-container-11 wp-block-buttons aligncenter\">\n<div class=\"wp-block-button\"><a class=\"wp-block-button__link\" href=\"https:\/\/youtu.be\/wbGDkLWXUHU\">Click Aqu\u00ed<\/a><\/div>\n<\/div>\n\n\n\n<p><\/p>\n<\/div>\n\n\n\n<div class=\"wp-container-14 wp-block-column\">\n<div style=\"height:30px\" aria-hidden=\"true\" class=\"wp-block-spacer\"><\/div>\n\n\n\n<blockquote class=\"wp-block-quote\"><p>&#8220;El sol del 25 viene asomando en estos d\u00edas sin recetas&#8230;en tiempos para replantear necesidades&#8230;&#8221;<\/p><\/blockquote>\n\n\n\n<div class=\"wp-container-13 wp-block-buttons\"><\/div>\n\n\n\n<p><\/p>\n<\/div>\n<\/div>\n<\/div><\/div>\n\n\n\n<div class=\"wp-container-20 wp-block-columns\">\n<div class=\"wp-container-17 wp-block-column\">\n<div class=\"wp-block-image\"><figure class=\"aligncenter size-thumbnail\"><img loading=\"lazy\" width=\"150\" height=\"150\" src=\"https:\/\/cardenal-newman.edu\/media\/534efaeb-0f17-42fc-83bb-0a5b642bcd82-150x150.jpg\" alt=\"\" class=\"wp-image-2768\" srcset=\"https:\/\/cardenal-newman.edu\/media\/534efaeb-0f17-42fc-83bb-0a5b642bcd82-150x150.jpg 150w, https:\/\/cardenal-newman.edu\/media\/534efaeb-0f17-42fc-83bb-0a5b642bcd82-300x300.jpg 300w, https:\/\/cardenal-newman.edu\/media\/534efaeb-0f17-42fc-83bb-0a5b642bcd82-100x100.jpg 100w, https:\/\/cardenal-newman.edu\/media\/534efaeb-0f17-42fc-83bb-0a5b642bcd82-32x32.jpg 32w, https:\/\/cardenal-newman.edu\/media\/534efaeb-0f17-42fc-83bb-0a5b642bcd82-48x48.jpg 48w, https:\/\/cardenal-newman.edu\/media\/534efaeb-0f17-42fc-83bb-0a5b642bcd82-80x80.jpg 80w\" sizes=\"(max-width: 150px) 100vw, 150px\" \/><\/figure><\/div>\n<\/div>\n\n\n\n<div class=\"wp-container-18 wp-block-column\">\n<div class=\"wp-block-image\"><figure class=\"aligncenter size-thumbnail\"><img loading=\"lazy\" width=\"150\" height=\"150\" src=\"https:\/\/cardenal-newman.edu\/media\/b423d79f-f667-4f30-a0f5-1e1c351f1fe4-150x150.jpg\" alt=\"\" class=\"wp-image-2769\" srcset=\"https:\/\/cardenal-newman.edu\/media\/b423d79f-f667-4f30-a0f5-1e1c351f1fe4-150x150.jpg 150w, https:\/\/cardenal-newman.edu\/media\/b423d79f-f667-4f30-a0f5-1e1c351f1fe4-300x300.jpg 300w, https:\/\/cardenal-newman.edu\/media\/b423d79f-f667-4f30-a0f5-1e1c351f1fe4-100x100.jpg 100w, https:\/\/cardenal-newman.edu\/media\/b423d79f-f667-4f30-a0f5-1e1c351f1fe4-32x32.jpg 32w, https:\/\/cardenal-newman.edu\/media\/b423d79f-f667-4f30-a0f5-1e1c351f1fe4-48x48.jpg 48w, https:\/\/cardenal-newman.edu\/media\/b423d79f-f667-4f30-a0f5-1e1c351f1fe4-80x80.jpg 80w\" sizes=\"(max-width: 150px) 100vw, 150px\" \/><\/figure><\/div>\n<\/div>\n\n\n\n<div class=\"wp-container-19 wp-block-column\">\n<div class=\"wp-block-image\"><figure class=\"aligncenter size-thumbnail\"><img loading=\"lazy\" width=\"150\" height=\"150\" src=\"https:\/\/cardenal-newman.edu\/media\/d02f7d21-5d69-4304-bbd7-155c01e8ed6f-150x150.jpg\" alt=\"\" class=\"wp-image-2770\" srcset=\"https:\/\/cardenal-newman.edu\/media\/d02f7d21-5d69-4304-bbd7-155c01e8ed6f-150x150.jpg 150w, https:\/\/cardenal-newman.edu\/media\/d02f7d21-5d69-4304-bbd7-155c01e8ed6f-300x300.jpg 300w, https:\/\/cardenal-newman.edu\/media\/d02f7d21-5d69-4304-bbd7-155c01e8ed6f-100x100.jpg 100w, https:\/\/cardenal-newman.edu\/media\/d02f7d21-5d69-4304-bbd7-155c01e8ed6f-32x32.jpg 32w, https:\/\/cardenal-newman.edu\/media\/d02f7d21-5d69-4304-bbd7-155c01e8ed6f-48x48.jpg 48w, https:\/\/cardenal-newman.edu\/media\/d02f7d21-5d69-4304-bbd7-155c01e8ed6f-80x80.jpg 80w\" sizes=\"(max-width: 150px) 100vw, 150px\" \/><\/figure><\/div>\n<\/div>\n<\/div>\n\n\n\n<p><\/p>\n\n\n\n<div class=\"wp-container-23 wp-block-columns\">\n<div class=\"wp-container-21 wp-block-column\">\n<div class=\"wp-block-image\"><figure class=\"aligncenter size-large\"><img loading=\"lazy\" width=\"814\" height=\"457\" src=\"https:\/\/cardenal-newman.edu\/media\/unnamed-1-11.jpg\" alt=\"\" class=\"wp-image-2785\" srcset=\"https:\/\/cardenal-newman.edu\/media\/unnamed-1-11.jpg 814w, https:\/\/cardenal-newman.edu\/media\/unnamed-1-11-600x337.jpg 600w, https:\/\/cardenal-newman.edu\/media\/unnamed-1-11-300x168.jpg 300w, https:\/\/cardenal-newman.edu\/media\/unnamed-1-11-768x431.jpg 768w, https:\/\/cardenal-newman.edu\/media\/unnamed-1-11-240x135.jpg 240w\" sizes=\"(max-width: 814px) 100vw, 814px\" \/><\/figure><\/div>\n\n\n\n<p><\/p>\n<\/div>\n\n\n\n<div class=\"wp-container-22 wp-block-column\">\n<h2 class=\"has-text-align-center\">Nuestro Himno<\/h2>\n\n\n\n<p>Interpretado por el Profesor Sebasti\u00e1n Abadie en guitarra. \u00a1Qu\u00e9 lo disfruten!<\/p>\n<\/div>\n<\/div>\n\n\n\n<div class=\"wp-container-24 wp-block-buttons aligncenter\">\n<div class=\"wp-block-button\"><a class=\"wp-block-button__link\" href=\"https:\/\/drive.google.com\/file\/d\/15Z_xpW3wCtXVFNGbQANzBSe-Jd1VKaqD\/view?usp=sharing\">Click Aqu\u00ed<\/a><\/div>\n<\/div>\n\n\n\n<div style=\"height:50px\" aria-hidden=\"true\" class=\"wp-block-spacer\"><\/div>\n\n\n\n<div class=\"wp-container-32 wp-block-columns\">\n<div class=\"wp-container-30 wp-block-column\">\n<h2 class=\"has-text-align-center\">H\u00e9roes Silenciosos 2020<\/h2>\n\n\n\n<h4>Reflexiones del Departamento de Econom\u00eda ES<\/h4>\n\n\n\n<p>Iv\u00e1n Carrino &#8211; Pedro Dhers &#8211; Angie Dur\u00e1n &#8211; Cristian Chavez &#8211; Gianluca Salvatori.<\/p>\n\n\n\n<div class=\"wp-container-29 wp-block-columns\">\n<div class=\"wp-container-25 wp-block-column\" style=\"flex-basis:25%\"><\/div>\n\n\n\n<div class=\"wp-container-27 wp-block-column\" style=\"flex-basis:50%\">\n<div class=\"wp-container-26 wp-block-buttons\"><\/div>\n<\/div>\n\n\n\n<div class=\"wp-container-28 wp-block-column\" style=\"flex-basis:25%\"><\/div>\n<\/div>\n<\/div>\n\n\n\n<div class=\"wp-container-31 wp-block-column\">\n<div class=\"wp-block-image\"><figure class=\"aligncenter size-medium\"><img loading=\"lazy\" width=\"300\" height=\"300\" src=\"https:\/\/cardenal-newman.edu\/media\/FELIZ-D\u00cdA-DEL-TRABAJADOR-1-300x300.jpg\" alt=\"\" class=\"wp-image-2740\" srcset=\"https:\/\/cardenal-newman.edu\/media\/FELIZ-D\u00cdA-DEL-TRABAJADOR-1-300x300.jpg 300w, https:\/\/cardenal-newman.edu\/media\/FELIZ-D\u00cdA-DEL-TRABAJADOR-1-100x100.jpg 100w, https:\/\/cardenal-newman.edu\/media\/FELIZ-D\u00cdA-DEL-TRABAJADOR-1-600x600.jpg 600w, https:\/\/cardenal-newman.edu\/media\/FELIZ-D\u00cdA-DEL-TRABAJADOR-1-1024x1024.jpg 1024w, https:\/\/cardenal-newman.edu\/media\/FELIZ-D\u00cdA-DEL-TRABAJADOR-1-150x150.jpg 150w, https:\/\/cardenal-newman.edu\/media\/FELIZ-D\u00cdA-DEL-TRABAJADOR-1-768x768.jpg 768w, https:\/\/cardenal-newman.edu\/media\/FELIZ-D\u00cdA-DEL-TRABAJADOR-1-32x32.jpg 32w, https:\/\/cardenal-newman.edu\/media\/FELIZ-D\u00cdA-DEL-TRABAJADOR-1-48x48.jpg 48w, https:\/\/cardenal-newman.edu\/media\/FELIZ-D\u00cdA-DEL-TRABAJADOR-1-80x80.jpg 80w, https:\/\/cardenal-newman.edu\/media\/FELIZ-D\u00cdA-DEL-TRABAJADOR-1-180x180.jpg 180w, https:\/\/cardenal-newman.edu\/media\/FELIZ-D\u00cdA-DEL-TRABAJADOR-1.jpg 1080w\" sizes=\"(max-width: 300px) 100vw, 300px\" \/><\/figure><\/div>\n<\/div>\n<\/div>\n\n\n\n<div class=\"wp-container-33 wp-block-buttons aligncenter\">\n<div class=\"wp-block-button\"><a class=\"wp-block-button__link\" href=\"https:\/\/drive.google.com\/file\/d\/1miL5qRTm7K1xuOiFdDdzWDTJIMx8RZoz\/view\">Click Aqu\u00ed<\/a><\/div>\n<\/div>\n\n\n\n<div style=\"height:50px\" aria-hidden=\"true\" class=\"wp-block-spacer\"><\/div>\n\n\n\n<div class=\"wp-container-43 wp-block-columns\">\n<div class=\"wp-container-34 wp-block-column\">\n<div class=\"wp-block-image\"><figure class=\"aligncenter size-medium\"><img loading=\"lazy\" width=\"225\" height=\"300\" src=\"https:\/\/cardenal-newman.edu\/media\/IMG-3227-225x300.jpg\" alt=\"\" class=\"wp-image-2745\" srcset=\"https:\/\/cardenal-newman.edu\/media\/IMG-3227-225x300.jpg 225w, https:\/\/cardenal-newman.edu\/media\/IMG-3227-scaled-600x800.jpg 600w, https:\/\/cardenal-newman.edu\/media\/IMG-3227-768x1024.jpg 768w, https:\/\/cardenal-newman.edu\/media\/IMG-3227-1152x1536.jpg 1152w, https:\/\/cardenal-newman.edu\/media\/IMG-3227-scaled.jpg 1536w, https:\/\/cardenal-newman.edu\/media\/IMG-3227-135x180.jpg 135w\" sizes=\"(max-width: 225px) 100vw, 225px\" \/><\/figure><\/div>\n<\/div>\n\n\n\n<div class=\"wp-container-42 wp-block-column\">\n<h2 class=\"has-text-align-center\">Desaf\u00edos Pol\u00edticos &amp; Econ\u00f3micos<\/h2>\n\n\n\n<p>An\u00e1lisis de los alumnos de 6to. ES. Santiago Bohtlingk &#8211; Ignacio Augusto Bunge &#8211; Santiago Di Paola &#8211; Felipe Dupont &#8211; Marcos Iribarren &#8211; Connor Mc Cormick &#8211; Lucas Nava &#8211; Marcos Wilson von  Hinke &#8211; Jos\u00e9 Eijo. <\/p>\n\n\n\n<div class=\"wp-container-41 wp-block-columns\">\n<div class=\"wp-container-36 wp-block-column\">\n<div class=\"wp-container-35 wp-block-buttons\">\n<div class=\"wp-block-button\"><a class=\"wp-block-button__link\" href=\"https:\/\/drive.google.com\/file\/d\/1ViuoptUXtJo-TatPX0L6sFIRwf9XbkaH\/view\">1<\/a><\/div>\n<\/div>\n<\/div>\n\n\n\n<div class=\"wp-container-38 wp-block-column\">\n<div class=\"wp-container-37 wp-block-buttons\">\n<div class=\"wp-block-button\"><a class=\"wp-block-button__link\" href=\"https:\/\/www.youtube.com\/watch?v=8A2siqA_w9s\">2<\/a><\/div>\n<\/div>\n<\/div>\n\n\n\n<div class=\"wp-container-40 wp-block-column\">\n<div class=\"wp-container-39 wp-block-buttons\">\n<div class=\"wp-block-button\"><a class=\"wp-block-button__link\" href=\"https:\/\/drive.google.com\/file\/d\/13o90swuGxkleeacHFySNiElogMfHT3R6\/view?usp=sharing\">3<\/a><\/div>\n<\/div>\n<\/div>\n<\/div>\n\n\n\n<p><\/p>\n<\/div>\n<\/div>\n\n\n\n<div class=\"wp-container-44 wp-block-buttons\"><\/div>\n\n\n\n<h2>Un Paseo por la Plaza del 25 de Mayo<\/h2>\n\n\n\n<h4>Proyecto del Departamento de Ciencias Sociales EP<\/h4>\n\n\n\n<p>Los invitamos a recorrer esta plaza tan especial con muchas actividades para descubrir. Desde una tertulia con malambo inclu\u00eddo, las \u00faltimas noticias desde el Cabildo, Cuenta Cuentos  con las maestras, la Galer\u00eda de Arte de Julio y muchas sorpresas m\u00e1s. \u00a1Mucho para descubrir!<\/p>\n\n\n\n<div class=\"wp-container-45 wp-block-buttons aligncenter\">\n<div class=\"wp-block-button\"><a class=\"wp-block-button__link\" href=\"https:\/\/prezi.com\/view\/zUVCeaZGu6fcUcjkmoMC\/\">Entrada Plaza<\/a><\/div>\n<\/div>\n\n\n\n<figure class=\"wp-block-image size-large\"><img loading=\"lazy\" width=\"1024\" height=\"430\" src=\"https:\/\/cardenal-newman.edu\/media\/descarga-1024x430.png\" alt=\"\" class=\"wp-image-2757\" srcset=\"https:\/\/cardenal-newman.edu\/media\/descarga-1024x430.png 1024w, https:\/\/cardenal-newman.edu\/media\/descarga-600x252.png 600w, https:\/\/cardenal-newman.edu\/media\/descarga-300x126.png 300w, https:\/\/cardenal-newman.edu\/media\/descarga-768x323.png 768w, https:\/\/cardenal-newman.edu\/media\/descarga-240x101.png 240w, https:\/\/cardenal-newman.edu\/media\/descarga.png 1366w\" sizes=\"(max-width: 1024px) 100vw, 1024px\" \/><\/figure>\n","protected":false},"excerpt":{"rendered":"<p>\u00a1Bienvenidos! En este d\u00eda, los invitamos a celebrar juntos nuestra Patria. La primera vez en forma virtual, pero con los mismos sentimientos que nos unen como comunidad y argentinos. \u00a1Viva la Patria! Nuestros Abanderados Cada uno es testimonio de responsabilidad, compromiso, perseverancia, solidaridad, respeto, amistad. Valores que hoy, m\u00e1s que nunca, son claves en nuestras vidas. Iniciamos este encuentro con &hellip;<\/p>\n<p class=\"read-more\"> <a class=\"ast-button\" href=\"https:\/\/cardenal-newman.edu\/en\/25-de-mayo-viva-nuestra-patria\/\"> <span class=\"screen-reader-text\">25 de mayo: VIVA nuestra PATRIA<\/span> Read More \u00bb<\/a><\/p>\n","protected":false},"author":2,"featured_media":2737,"comment_status":"closed","ping_status":"closed","sticky":false,"template":"","format":"standard","meta":{"inline_featured_image":false,"site-sidebar-layout":"default","site-content-layout":"default","ast-global-header-display":"","ast-main-header-display":"","ast-hfb-above-header-display":"","ast-hfb-below-header-display":"","ast-hfb-mobile-header-display":"","site-post-title":"","ast-breadcrumbs-content":"","ast-featured-img":"","footer-sml-layout":"","theme-transparent-header-meta":"default","adv-header-id-meta":"","stick-header-meta":"default","header-above-stick-meta":"","header-main-stick-meta":"","header-below-stick-meta":""},"categories":[522,1],"tags":[],"yst_prominent_words":[1763,1747,1766,1751,1767,1754,1738,1704,1760,1745,1726,1764,1765,1739,1721,1762,1755,1761,1746,1768],"_links":{"self":[{"href":"https:\/\/cardenal-newman.edu\/en\/wp-json\/wp\/v2\/posts\/2735"}],"collection":[{"href":"https:\/\/cardenal-newman.edu\/en\/wp-json\/wp\/v2\/posts"}],"about":[{"href":"https:\/\/cardenal-newman.edu\/en\/wp-json\/wp\/v2\/types\/post"}],"author":[{"embeddable":true,"href":"https:\/\/cardenal-newman.edu\/en\/wp-json\/wp\/v2\/users\/2"}],"replies":[{"embeddable":true,"href":"https:\/\/cardenal-newman.edu\/en\/wp-json\/wp\/v2\/comments?post=2735"}],"version-history":[{"count":43,"href":"https:\/\/cardenal-newman.edu\/en\/wp-json\/wp\/v2\/posts\/2735\/revisions"}],"predecessor-version":[{"id":2795,"href":"https:\/\/cardenal-newman.edu\/en\/wp-json\/wp\/v2\/posts\/2735\/revisions\/2795"}],"wp:featuredmedia":[{"embeddable":true,"href":"https:\/\/cardenal-newman.edu\/en\/wp-json\/wp\/v2\/media\/2737"}],"wp:attachment":[{"href":"https:\/\/cardenal-newman.edu\/en\/wp-json\/wp\/v2\/media?parent=2735"}],"wp:term":[{"taxonomy":"category","embeddable":true,"href":"https:\/\/cardenal-newman.edu\/en\/wp-json\/wp\/v2\/categories?post=2735"},{"taxonomy":"post_tag","embeddable":true,"href":"https:\/\/cardenal-newman.edu\/en\/wp-json\/wp\/v2\/tags?post=2735"},{"taxonomy":"yst_prominent_words","embeddable":true,"href":"https:\/\/cardenal-newman.edu\/en\/wp-json\/wp\/v2\/yst_prominent_words?post=2735"}],"curies":[{"name":"wp","href":"https:\/\/api.w.org\/{rel}","templated":true}]}}