{"id":3045,"date":"2020-06-16T22:54:00","date_gmt":"2020-06-17T01:54:00","guid":{"rendered":"https:\/\/cardenal-newman.edu\/?p=3045"},"modified":"2020-06-16T23:30:27","modified_gmt":"2020-06-17T02:30:27","slug":"17-de-junio-homenaje-a-guemes","status":"publish","type":"post","link":"https:\/\/cardenal-newman.edu\/en\/17-de-junio-homenaje-a-guemes\/","title":{"rendered":"17 de junio &#8211; Homenaje a Mart\u00edn Miguel de G\u00fcemes"},"content":{"rendered":"\n<h3 class=\"has-text-align-center\">           &#8220;<em>Un en\u00e9rgico y victorioso luchador que combati\u00f3 por la libertad&#8221;<\/em>                                         <\/h3>\n\n\n\n<h4 class=\"has-text-align-center\"><strong>Una semblanza de Jorge Suero, Jefe Depto. Educaci\u00f3n F\u00edsica.<\/strong><\/h4>\n\n\n\n<figure class=\"wp-block-embed-youtube aligncenter wp-block-embed is-type-video is-provider-youtube wp-embed-aspect-16-9 wp-has-aspect-ratio\"><div class=\"wp-block-embed__wrapper\">\n<div class=\"ast-oembed-container\" style=\"height: 100%;\"><iframe loading=\"lazy\" title=\"Homenaje a Mart\u00edn Miguel de G\u00fcemes\" width=\"500\" height=\"281\" src=\"https:\/\/www.youtube.com\/embed\/goKJIhcl-_E?feature=oembed\" frameborder=\"0\" allow=\"accelerometer; autoplay; encrypted-media; gyroscope; picture-in-picture\" allowfullscreen><\/iframe><\/div>\n<\/div><\/figure>\n\n\n\n<div style=\"height:50px\" aria-hidden=\"true\" class=\"wp-block-spacer\"><\/div>\n\n\n\n<div class=\"wp-container-3 wp-block-columns\">\n<div class=\"wp-container-1 wp-block-column\">\n<div class=\"wp-block-image\"><figure class=\"aligncenter size-medium\"><img loading=\"lazy\" width=\"229\" height=\"300\" src=\"https:\/\/cardenal-newman.edu\/media\/IMG-4976-1-229x300.jpg\" alt=\"\" class=\"wp-image-3046\" srcset=\"https:\/\/cardenal-newman.edu\/media\/IMG-4976-1-229x300.jpg 229w, https:\/\/cardenal-newman.edu\/media\/IMG-4976-1-600x785.jpg 600w, https:\/\/cardenal-newman.edu\/media\/IMG-4976-1-782x1024.jpg 782w, https:\/\/cardenal-newman.edu\/media\/IMG-4976-1-768x1005.jpg 768w, https:\/\/cardenal-newman.edu\/media\/IMG-4976-1-138x180.jpg 138w, https:\/\/cardenal-newman.edu\/media\/IMG-4976-1.jpg 823w\" sizes=\"(max-width: 229px) 100vw, 229px\" \/><\/figure><\/div>\n\n\n\n<div style=\"height:50px\" aria-hidden=\"true\" class=\"wp-block-spacer\"><\/div>\n\n\n\n<h3 class=\"has-text-align-center\">\u00bfSab\u00edas qu\u00e9? <\/h3>\n\n\n\n<p>En 1998, el Gobierno porte\u00f1o instal\u00f3 rejas alrededor del monumento para evitar posibles actos de vandalismo y tambi\u00e9n para impedir que las personas trepen por su base de piedra, a menudo utilizada como palestra para escalar. En 2012, fueron robadas las riendas, un estribo, las espuelas y el sable que formaban parte de la escultura del pr\u00f3cer montado a caballo.     El monumento fue restaurado en 2015. <\/p>\n<\/div>\n\n\n\n<div class=\"wp-container-2 wp-block-column\">\n<h3 class=\"has-text-align-center\"> Historia de su Monumento <\/h3>\n\n\n\n<p>Es una r\u00e9plica del que se encuentra en la ciudad de Salta, al pie del cerro San Bernardo. Est\u00e1 realizado en bronce y ubicado sobre una elevada base piramidal de piedra, a metros de la subida a la avenida Cantilo, sobre Figueroa Alcorta. El autor fue el  escultor Hernardo Bucci y su inauguraci\u00f3n, el 22 de marzo de 1981. Se aprecia la figura del Gral. G\u00fcemes observando el horizonte, vistiendo su t\u00edpica indumentaria gaucha. Simboliza la tenacidad y dedicaci\u00f3n de este argentino que, al frente de sus gauchos, defendi\u00f3 las fronteras de nuestro pa\u00eds contra la invasi\u00f3n realista.<\/p>\n\n\n\n<div style=\"height:50px\" aria-hidden=\"true\" class=\"wp-block-spacer\"><\/div>\n\n\n\n<div style=\"height:20px\" aria-hidden=\"true\" class=\"wp-block-spacer\"><\/div>\n\n\n\n<div class=\"wp-block-image\"><figure class=\"aligncenter size-medium\"><img loading=\"lazy\" width=\"300\" height=\"225\" src=\"https:\/\/cardenal-newman.edu\/media\/guemes_2-1-300x225.jpg\" alt=\"\" class=\"wp-image-3048\" srcset=\"https:\/\/cardenal-newman.edu\/media\/guemes_2-1-300x225.jpg 300w, https:\/\/cardenal-newman.edu\/media\/guemes_2-1-600x450.jpg 600w, https:\/\/cardenal-newman.edu\/media\/guemes_2-1-768x576.jpg 768w, https:\/\/cardenal-newman.edu\/media\/guemes_2-1-240x180.jpg 240w, https:\/\/cardenal-newman.edu\/media\/guemes_2-1.jpg 960w\" sizes=\"(max-width: 300px) 100vw, 300px\" \/><\/figure><\/div>\n<\/div>\n<\/div>\n\n\n\n<div style=\"height:100px\" aria-hidden=\"true\" class=\"wp-block-spacer\"><\/div>\n","protected":false},"excerpt":{"rendered":"<p>&#8220;Un en\u00e9rgico y victorioso luchador que combati\u00f3 por la libertad&#8221; Una semblanza de Jorge Suero, Jefe Depto. Educaci\u00f3n F\u00edsica. \u00bfSab\u00edas qu\u00e9? En 1998, el Gobierno porte\u00f1o instal\u00f3 rejas alrededor del monumento para evitar posibles actos de vandalismo y tambi\u00e9n para impedir que las personas trepen por su base de piedra, a menudo utilizada como palestra para escalar. En 2012, fueron &hellip;<\/p>\n<p class=\"read-more\"> <a class=\"ast-button\" href=\"https:\/\/cardenal-newman.edu\/en\/17-de-junio-homenaje-a-guemes\/\"> <span class=\"screen-reader-text\">17 de junio &#8211; Homenaje a Mart\u00edn Miguel de G\u00fcemes<\/span> Read More \u00bb<\/a><\/p>\n","protected":false},"author":2,"featured_media":3046,"comment_status":"closed","ping_status":"closed","sticky":false,"template":"","format":"standard","meta":{"inline_featured_image":false,"site-sidebar-layout":"default","site-content-layout":"default","ast-global-header-display":"","ast-main-header-display":"","ast-hfb-above-header-display":"","ast-hfb-below-header-display":"","ast-hfb-mobile-header-display":"","site-post-title":"","ast-breadcrumbs-content":"","ast-featured-img":"","footer-sml-layout":"","theme-transparent-header-meta":"default","adv-header-id-meta":"","stick-header-meta":"default","header-above-stick-meta":"","header-main-stick-meta":"","header-below-stick-meta":""},"categories":[1],"tags":[],"yst_prominent_words":[2000,125,1998,2001],"_links":{"self":[{"href":"https:\/\/cardenal-newman.edu\/en\/wp-json\/wp\/v2\/posts\/3045"}],"collection":[{"href":"https:\/\/cardenal-newman.edu\/en\/wp-json\/wp\/v2\/posts"}],"about":[{"href":"https:\/\/cardenal-newman.edu\/en\/wp-json\/wp\/v2\/types\/post"}],"author":[{"embeddable":true,"href":"https:\/\/cardenal-newman.edu\/en\/wp-json\/wp\/v2\/users\/2"}],"replies":[{"embeddable":true,"href":"https:\/\/cardenal-newman.edu\/en\/wp-json\/wp\/v2\/comments?post=3045"}],"version-history":[{"count":6,"href":"https:\/\/cardenal-newman.edu\/en\/wp-json\/wp\/v2\/posts\/3045\/revisions"}],"predecessor-version":[{"id":3056,"href":"https:\/\/cardenal-newman.edu\/en\/wp-json\/wp\/v2\/posts\/3045\/revisions\/3056"}],"wp:featuredmedia":[{"embeddable":true,"href":"https:\/\/cardenal-newman.edu\/en\/wp-json\/wp\/v2\/media\/3046"}],"wp:attachment":[{"href":"https:\/\/cardenal-newman.edu\/en\/wp-json\/wp\/v2\/media?parent=3045"}],"wp:term":[{"taxonomy":"category","embeddable":true,"href":"https:\/\/cardenal-newman.edu\/en\/wp-json\/wp\/v2\/categories?post=3045"},{"taxonomy":"post_tag","embeddable":true,"href":"https:\/\/cardenal-newman.edu\/en\/wp-json\/wp\/v2\/tags?post=3045"},{"taxonomy":"yst_prominent_words","embeddable":true,"href":"https:\/\/cardenal-newman.edu\/en\/wp-json\/wp\/v2\/yst_prominent_words?post=3045"}],"curies":[{"name":"wp","href":"https:\/\/api.w.org\/{rel}","templated":true}]}}