{"id":3058,"date":"2020-06-19T09:39:45","date_gmt":"2020-06-19T12:39:45","guid":{"rendered":"https:\/\/cardenal-newman.edu\/?p=3058"},"modified":"2020-07-01T11:07:52","modified_gmt":"2020-07-01T14:07:52","slug":"manuel-belgrano-homenaje-en-su-bicentenario","status":"publish","type":"post","link":"https:\/\/cardenal-newman.edu\/en\/manuel-belgrano-homenaje-en-su-bicentenario\/","title":{"rendered":"Belgrano: Homenaje en su Bicentenario"},"content":{"rendered":"\n<h3 class=\"has-text-align-center\">               \u201cMucho me falta para ser un verdadero padre de la patria.                          Me contentar\u00eda con ser un buen hijo de ella<em>&#8220;.<\/em> Manuel Belgrano<\/h3>\n\n\n\n<p>Ma\u00f1ana, 20 de junio, se cumplen 200 a\u00f1os de la muerte de Manuel Belgrano. Intelectual, Abogado, Periodista, Pol\u00edtico y Militar. Creador de nuestra Bandera. Protagonista de la gesta emancipadora. Ejemplo con may\u00fascula. Este es nuestro homenaje. <\/p>\n\n\n\n<div style=\"height:30px\" aria-hidden=\"true\" class=\"wp-block-spacer\"><\/div>\n\n\n\n<div class=\"wp-container-3 wp-block-columns\">\n<div class=\"wp-container-1 wp-block-column\" style=\"flex-basis:33.33%\">\n<h3 class=\"has-text-align-center\">&#8220;El esfuerzo de cada uno ser\u00e1 nuestro mejor homenaje&#8221;<\/h3>\n\n\n\n<p>El mensaje de los directivos de Primaria y Secundaria le\u00eddo por Luz Meyrelles. Para compartir en familia y conversar acerca cual puede ser el tributo de cada uno a un hacedor de la Patria. <\/p>\n<\/div>\n\n\n\n<div class=\"wp-container-2 wp-block-column\" style=\"flex-basis:66.66%\">\n<figure class=\"wp-block-embed-youtube wp-block-embed is-type-video is-provider-youtube wp-embed-aspect-16-9 wp-has-aspect-ratio\"><div class=\"wp-block-embed__wrapper\">\n<div class=\"ast-oembed-container\" style=\"height: 100%;\"><iframe loading=\"lazy\" title=\"Bicentenario del fallecimiento de Manuel Belgrano - nuestro homenaje\" width=\"500\" height=\"281\" src=\"https:\/\/www.youtube.com\/embed\/T35S3HLxRyY?feature=oembed\" frameborder=\"0\" allow=\"accelerometer; autoplay; encrypted-media; gyroscope; picture-in-picture\" allowfullscreen><\/iframe><\/div>\n<\/div><\/figure>\n<\/div>\n<\/div>\n\n\n\n<div style=\"height:50px\" aria-hidden=\"true\" class=\"wp-block-spacer\"><\/div>\n\n\n\n<h3 class=\"has-text-align-center\">&#8220;Desvelo de Bandera&#8221;,  por alumnos de 5to. EP dirigidos por                Andrea de la Cuesta.<\/h3>\n\n\n\n<p>Interpretado por Jos\u00e9 Manuel Toscano Pay\u00e1 (5to. EP B, Vicente Castelli 5to. EP C, Jos\u00e9 Dominguez Olivera 5to. EP A, Santos Bulbarella 5to. EP B y Francisco Leupold 5to. EP A.  \u00a1Bravo chicos y Andrea!<\/p>\n\n\n\n<figure class=\"wp-block-embed-youtube wp-block-embed is-type-video is-provider-youtube wp-embed-aspect-16-9 wp-has-aspect-ratio\"><div class=\"wp-block-embed__wrapper\">\n<div class=\"ast-oembed-container\" style=\"height: 100%;\"><iframe loading=\"lazy\" title=\"Desvelo de bandera\" width=\"500\" height=\"281\" src=\"https:\/\/www.youtube.com\/embed\/W65CVIyJFg0?feature=oembed\" frameborder=\"0\" allow=\"accelerometer; autoplay; encrypted-media; gyroscope; picture-in-picture\" allowfullscreen><\/iframe><\/div>\n<\/div><\/figure>\n\n\n\n<div style=\"height:30px\" aria-hidden=\"true\" class=\"wp-block-spacer\"><\/div>\n\n\n\n<h3 class=\"has-text-align-center\">\u00bfQu\u00e9 es la Bandera para vos? <\/h3>\n\n\n\n<p>El video del  acto de cierre de Primaria 2018 (\u00a1ya volveremos!) con la bandera como una de las protagonistas y una pregunta a grandes del deporte como Pichot y Aymar. <span style=\"color:#842b35\" class=\"has-inline-color\"><strong>\u00bfQu\u00e9 es la bandera para vos?&#8230;.\u00bfY para cada uno de nosotros?<\/strong>.<\/span> <\/p>\n\n\n\n<div class=\"wp-container-4 wp-block-buttons aligncenter\">\n<div class=\"wp-block-button\"><a class=\"wp-block-button__link\" href=\"https:\/\/drive.google.com\/file\/d\/1Kw4tKskjGZmyY3kKU2g2XkHbLjXyEeb5\/view?usp=sharing\">Video Aqu\u00ed<\/a><\/div>\n<\/div>\n\n\n\n<div style=\"height:50px\" aria-hidden=\"true\" class=\"wp-block-spacer\"><\/div>\n\n\n\n<div class=\"wp-block-cover aligncenter has-pale-cyan-blue-background-color has-background-dim\" style=\"min-height:50px\"><div class=\"wp-block-cover__inner-container\">\n<p class=\"has-text-align-center has-medium-font-size\"><strong>Este a\u00f1o,  la Promesa a la Bandera de los alumnos de 4to. EP ser\u00e1 en diciembre.             \u00a1El Museo Pueyrred\u00f3n nos espera con el sol de verano!<\/strong><\/p>\n<\/div><\/div>\n\n\n\n<div class=\"wp-container-10 wp-block-columns\">\n<div class=\"wp-container-8 wp-block-column\" style=\"flex-basis:66.66%\">\n<div class=\"wp-container-5 wp-block-buttons\"><\/div>\n\n\n\n<div class=\"wp-container-6 wp-block-buttons\"><\/div>\n\n\n\n<div class=\"wp-container-7 wp-block-buttons\"><\/div>\n\n\n\n<p><\/p>\n<\/div>\n\n\n\n<div class=\"wp-container-9 wp-block-column\" style=\"flex-basis:33.33%\">\n<div style=\"height:50px\" aria-hidden=\"true\" class=\"wp-block-spacer\"><\/div>\n<\/div>\n<\/div>\n\n\n\n<p><\/p>\n","protected":false},"excerpt":{"rendered":"<p>\u201cMucho me falta para ser un verdadero padre de la patria. Me contentar\u00eda con ser un buen hijo de ella&#8220;. Manuel Belgrano Ma\u00f1ana, 20 de junio, se cumplen 200 a\u00f1os de la muerte de Manuel Belgrano. Intelectual, Abogado, Periodista, Pol\u00edtico y Militar. Creador de nuestra Bandera. Protagonista de la gesta emancipadora. Ejemplo con may\u00fascula. Este es nuestro homenaje. &#8220;El esfuerzo &hellip;<\/p>\n<p class=\"read-more\"> <a class=\"ast-button\" href=\"https:\/\/cardenal-newman.edu\/en\/manuel-belgrano-homenaje-en-su-bicentenario\/\"> <span class=\"screen-reader-text\">Belgrano: Homenaje en su Bicentenario<\/span> Read More \u00bb<\/a><\/p>\n","protected":false},"author":2,"featured_media":3062,"comment_status":"closed","ping_status":"closed","sticky":false,"template":"","format":"standard","meta":{"inline_featured_image":false,"site-sidebar-layout":"default","site-content-layout":"default","ast-global-header-display":"","ast-main-header-display":"","ast-hfb-above-header-display":"","ast-hfb-below-header-display":"","ast-hfb-mobile-header-display":"","site-post-title":"","ast-breadcrumbs-content":"","ast-featured-img":"","footer-sml-layout":"","theme-transparent-header-meta":"default","adv-header-id-meta":"","stick-header-meta":"default","header-above-stick-meta":"","header-main-stick-meta":"","header-below-stick-meta":""},"categories":[521,522,1],"tags":[],"yst_prominent_words":[2046,25,754,1707,2049,2045,62,58,2048,2051,2047,2043,2044,1392,328,2066,63,555,2050],"_links":{"self":[{"href":"https:\/\/cardenal-newman.edu\/en\/wp-json\/wp\/v2\/posts\/3058"}],"collection":[{"href":"https:\/\/cardenal-newman.edu\/en\/wp-json\/wp\/v2\/posts"}],"about":[{"href":"https:\/\/cardenal-newman.edu\/en\/wp-json\/wp\/v2\/types\/post"}],"author":[{"embeddable":true,"href":"https:\/\/cardenal-newman.edu\/en\/wp-json\/wp\/v2\/users\/2"}],"replies":[{"embeddable":true,"href":"https:\/\/cardenal-newman.edu\/en\/wp-json\/wp\/v2\/comments?post=3058"}],"version-history":[{"count":10,"href":"https:\/\/cardenal-newman.edu\/en\/wp-json\/wp\/v2\/posts\/3058\/revisions"}],"predecessor-version":[{"id":3074,"href":"https:\/\/cardenal-newman.edu\/en\/wp-json\/wp\/v2\/posts\/3058\/revisions\/3074"}],"wp:featuredmedia":[{"embeddable":true,"href":"https:\/\/cardenal-newman.edu\/en\/wp-json\/wp\/v2\/media\/3062"}],"wp:attachment":[{"href":"https:\/\/cardenal-newman.edu\/en\/wp-json\/wp\/v2\/media?parent=3058"}],"wp:term":[{"taxonomy":"category","embeddable":true,"href":"https:\/\/cardenal-newman.edu\/en\/wp-json\/wp\/v2\/categories?post=3058"},{"taxonomy":"post_tag","embeddable":true,"href":"https:\/\/cardenal-newman.edu\/en\/wp-json\/wp\/v2\/tags?post=3058"},{"taxonomy":"yst_prominent_words","embeddable":true,"href":"https:\/\/cardenal-newman.edu\/en\/wp-json\/wp\/v2\/yst_prominent_words?post=3058"}],"curies":[{"name":"wp","href":"https:\/\/api.w.org\/{rel}","templated":true}]}}