{"id":3461,"date":"2020-07-08T16:11:06","date_gmt":"2020-07-08T19:11:06","guid":{"rendered":"https:\/\/cardenal-newman.edu\/?p=3461"},"modified":"2020-07-08T19:20:35","modified_gmt":"2020-07-08T22:20:35","slug":"9-de-julio-dia-de-la-independecia","status":"publish","type":"post","link":"https:\/\/cardenal-newman.edu\/en\/9-de-julio-dia-de-la-independecia\/","title":{"rendered":"9 de julio &#8211; D\u00eda de la Independecia"},"content":{"rendered":"\n<h4 class=\"has-text-align-center\">Hoy celebramos la Libertad.  Aquel d\u00eda de 1816, en el que las Provincias Unidas del R\u00edo de la Plata proclamaron su independencia poli\u00edtica de la monarqu\u00eda espa\u00f1ola.<\/h4>\n\n\n\n<div class=\"wp-block-spacer\" style=\"height: 59px;\" aria-hidden=\"true\">\u00a0<\/div>\n\n\n\n<div class=\"wp-container-6 wp-block-columns\">\n<div class=\"wp-container-1 wp-block-column\">\n<div class=\"wp-block-spacer\" style=\"height: 20px;\" aria-hidden=\"true\">\u00a0<\/div>\n\n\n\n<figure class=\"wp-block-image size-large\"><img loading=\"lazy\" width=\"500\" height=\"289\" src=\"https:\/\/cardenal-newman.edu\/media\/11.-declaracion-independencia.jpg\" alt=\"\" class=\"wp-image-3462\" srcset=\"https:\/\/cardenal-newman.edu\/media\/11.-declaracion-independencia.jpg 500w, https:\/\/cardenal-newman.edu\/media\/11.-declaracion-independencia-300x173.jpg 300w, https:\/\/cardenal-newman.edu\/media\/11.-declaracion-independencia-240x139.jpg 240w\" sizes=\"(max-width: 500px) 100vw, 500px\" \/><\/figure>\n<\/div>\n\n\n\n<div class=\"wp-container-5 wp-block-column\">\n<h4>Los invitamos a recorrer los acontecimientos en formato de un hist\u00f3rico noticiero: &#8220;Sucesos Argentinos&#8221;. Tambi\u00e9n un repaso de lo que ocurr\u00eda en el mundo, detalles gastron\u00f3micos de la vida cotidiana y un cierre musical con Andrea de la Cuesta. \u00bfLos abanderados de este acto? Todos y cada uno de nosotros. Cerremos los ojos y pensemos&#8230;.&#8221;hoy me merezco llevar esta bandera imaginaria&#8221;&#8230;&#8230;.. Mauge -vicedirectora de EP-  y Marit\u00e9 &#8211; directora de Gesti\u00f3n ES- nos esperan; hoy son nuestras maestras de ceremonia. \u00a1Bienvenidos!<\/h4>\n\n\n\n<div class=\"wp-container-4 wp-block-columns\">\n<div class=\"wp-container-2 wp-block-column\">\u00a0<\/div>\n\n\n\n<div class=\"wp-container-3 wp-block-column\">\u00a0<\/div>\n<\/div>\n\n\n\n<p><\/p>\n<\/div>\n<\/div>\n\n\n\n<h2 class=\"has-text-align-center\">&#8220;En Uni\u00f3n y Libertad&#8221;.<\/h2>\n\n\n\n<div class=\"wp-block-spacer\" style=\"height: 59px;\" aria-hidden=\"true\">\u00a0<\/div>\n\n\n\n<div class=\"wp-container-9 wp-block-columns\">\n<div class=\"wp-container-7 wp-block-column\">\n<div style=\"height:58px\" aria-hidden=\"true\" class=\"wp-block-spacer\"><\/div>\n\n\n\n<h2>En Tucum\u00e1n<\/h2>\n\n\n\n<h4>Declarar la Independencia fue uno de los principales objetivos planteados de los hombres que conformaron el Congreso Legislativo y Constituyente de Tucum\u00e1n. \u00bfC\u00f3mo lo lograron?<\/h4>\n<\/div>\n\n\n\n<div class=\"wp-container-8 wp-block-column\">\n<figure class=\"wp-block-embed-youtube wp-block-embed is-type-video is-provider-youtube wp-embed-aspect-16-9 wp-has-aspect-ratio\"><div class=\"wp-block-embed__wrapper\">\n<div class=\"ast-oembed-container\" style=\"height: 100%;\"><iframe loading=\"lazy\" title=\"9 de julio - D\u00eda de la Independencia\" width=\"500\" height=\"281\" src=\"https:\/\/www.youtube.com\/embed\/IecI0rAyn4M?feature=oembed\" frameborder=\"0\" allow=\"accelerometer; autoplay; encrypted-media; gyroscope; picture-in-picture\" allowfullscreen><\/iframe><\/div>\n<\/div><\/figure>\n\n\n\n<div style=\"height:61px\" aria-hidden=\"true\" class=\"wp-block-spacer\"><\/div>\n<\/div>\n<\/div>\n\n\n\n<div class=\"wp-container-12 wp-block-columns\">\n<div class=\"wp-container-10 wp-block-column\">\n<h2>En el Mundo<\/h2>\n\n\n\n<h4>Las Provincias Unidas del Sud declaraban la Independencia. \u00bfY que pasaba en el resto del mundo?<\/h4>\n<\/div>\n\n\n\n<div class=\"wp-container-11 wp-block-column\">\n<figure class=\"wp-block-embed-youtube wp-block-embed is-type-video is-provider-youtube wp-embed-aspect-16-9 wp-has-aspect-ratio\"><div class=\"wp-block-embed__wrapper\">\n<div class=\"ast-oembed-container\" style=\"height: 100%;\"><iframe loading=\"lazy\" title=\"El Mundo en 1816\" width=\"500\" height=\"281\" src=\"https:\/\/www.youtube.com\/embed\/9iKuy59aydI?feature=oembed\" frameborder=\"0\" allow=\"accelerometer; autoplay; encrypted-media; gyroscope; picture-in-picture\" allowfullscreen><\/iframe><\/div>\n<\/div><\/figure>\n\n\n\n<div style=\"height:53px\" aria-hidden=\"true\" class=\"wp-block-spacer\"><\/div>\n\n\n\n<p><\/p>\n<\/div>\n<\/div>\n\n\n\n<h2>\u00bfQu\u00e9 se cocinaba en 1816?<\/h2>\n\n\n\n<figure class=\"wp-container-14 wp-block-gallery-13 wp-block-gallery columns-3 is-cropped\"><ul class=\"blocks-gallery-grid\"><li class=\"blocks-gallery-item\"><figure><img loading=\"lazy\" width=\"400\" height=\"309\" src=\"https:\/\/cardenal-newman.edu\/media\/cocinacolonial.jpg\" alt=\"\" data-id=\"3465\" data-full-url=\"https:\/\/cardenal-newman.edu\/media\/cocinacolonial.jpg\" data-link=\"https:\/\/cardenal-newman.edu\/?attachment_id=3465\" class=\"wp-image-3465\" srcset=\"https:\/\/cardenal-newman.edu\/media\/cocinacolonial.jpg 400w, https:\/\/cardenal-newman.edu\/media\/cocinacolonial-300x232.jpg 300w, https:\/\/cardenal-newman.edu\/media\/cocinacolonial-233x180.jpg 233w\" sizes=\"(max-width: 400px) 100vw, 400px\" \/><\/figure><\/li><li class=\"blocks-gallery-item\"><figure><img loading=\"lazy\" width=\"366\" height=\"300\" src=\"https:\/\/cardenal-newman.edu\/media\/oleo-el-asado.jpg\" alt=\"\" data-id=\"3467\" data-full-url=\"https:\/\/cardenal-newman.edu\/media\/oleo-el-asado.jpg\" data-link=\"https:\/\/cardenal-newman.edu\/?attachment_id=3467\" class=\"wp-image-3467\" srcset=\"https:\/\/cardenal-newman.edu\/media\/oleo-el-asado.jpg 366w, https:\/\/cardenal-newman.edu\/media\/oleo-el-asado-300x246.jpg 300w, https:\/\/cardenal-newman.edu\/media\/oleo-el-asado-220x180.jpg 220w\" sizes=\"(max-width: 366px) 100vw, 366px\" \/><\/figure><\/li><li class=\"blocks-gallery-item\"><figure><img loading=\"lazy\" width=\"256\" height=\"197\" src=\"https:\/\/cardenal-newman.edu\/media\/vida-cotidiana.jpg\" alt=\"\" data-id=\"3469\" data-full-url=\"https:\/\/cardenal-newman.edu\/media\/vida-cotidiana.jpg\" data-link=\"https:\/\/cardenal-newman.edu\/?attachment_id=3469\" class=\"wp-image-3469\" srcset=\"https:\/\/cardenal-newman.edu\/media\/vida-cotidiana.jpg 256w, https:\/\/cardenal-newman.edu\/media\/vida-cotidiana-234x180.jpg 234w\" sizes=\"(max-width: 256px) 100vw, 256px\" \/><\/figure><\/li><\/ul><\/figure>\n\n\n\n<div class=\"wp-container-17 wp-block-columns\">\n<div class=\"wp-container-15 wp-block-column\">\n<ul><li>Mucha carne asada, charqui y locro.<\/li><li>El arroz era algo ex\u00f3tico, se importaba de oriente.<\/li><li>El grano de ma\u00edz era muy demandado.<\/li><li>Tambi\u00e9n se consum\u00eda carne de paloma y perdices.<\/li><li>El locro, la humita, la mazamorra y los pasteles de choclo eran cl\u00e1sicos de la gastronom\u00eda tucumana.<\/li><\/ul>\n\n\n\n<div style=\"height:20px\" aria-hidden=\"true\" class=\"wp-block-spacer\"><\/div>\n<\/div>\n\n\n\n<div class=\"wp-container-16 wp-block-column\">\n<ul><li>Los dulces y mermelada eran caseros con naranja y lima.<\/li><li>Se consum\u00eda gran cantidad de tub\u00e9rculos, hortalizas y frutas.<\/li><li>Se beb\u00eda caf\u00e9, chocolate y mate.<\/li><li>Para endulzar se utilizaba miel de abeja y ca\u00f1a de az\u00facar, industria que reci\u00e9n estaba empezando.<\/li><\/ul>\n<\/div>\n<\/div>\n\n\n\n<h2 class=\"has-text-align-center\">Cierre de Acto<\/h2>\n\n\n\n<h4 class=\"has-text-align-center\">&#8220;Cuando canto 9 de julio&#8221; interpretado por Andrea de la Cuesta.<\/h4>\n\n\n\n<figure class=\"wp-block-embed-youtube wp-block-embed is-type-video is-provider-youtube wp-embed-aspect-16-9 wp-has-aspect-ratio\"><div class=\"wp-block-embed__wrapper\">\n<div class=\"ast-oembed-container\" style=\"height: 100%;\"><iframe loading=\"lazy\" title=\"Cuando canto 9 de Julio Chiche\" width=\"500\" height=\"281\" src=\"https:\/\/www.youtube.com\/embed\/dq_JdGAAosc?feature=oembed\" frameborder=\"0\" allow=\"accelerometer; autoplay; encrypted-media; gyroscope; picture-in-picture\" allowfullscreen><\/iframe><\/div>\n<\/div><\/figure>\n\n\n\n<h2 class=\"has-text-align-center\">\u00a1Feliz D\u00eda de la Independencia! \u00a1Vamos Argentinos!<\/h2>\n\n\n\n<div class=\"wp-container-20 wp-block-columns\">\n<div class=\"wp-container-18 wp-block-column\">\u00a0<\/div>\n\n\n\n<div class=\"wp-container-19 wp-block-column\">\u00a0<\/div>\n<\/div>\n\n\n\n<div class=\"wp-container-23 wp-block-columns\">\n<div class=\"wp-container-21 wp-block-column\"><\/div>\n\n\n\n<div class=\"wp-container-22 wp-block-column\"><\/div>\n<\/div>\n","protected":false},"excerpt":{"rendered":"<p>Hoy celebramos la Libertad. Aquel d\u00eda de 1816, en el que las Provincias Unidas del R\u00edo de la Plata proclamaron su independencia poli\u00edtica de la monarqu\u00eda espa\u00f1ola. Los invitamos a recorrer los acontecimientos en formato de un hist\u00f3rico noticiero: &#8220;Sucesos Argentinos&#8221;. Tambi\u00e9n un repaso de lo que ocurr\u00eda en el mundo, detalles gastron\u00f3micos de la vida cotidiana y un cierre &hellip;<\/p>\n<p class=\"read-more\"> <a class=\"ast-button\" href=\"https:\/\/cardenal-newman.edu\/en\/9-de-julio-dia-de-la-independecia\/\"> <span class=\"screen-reader-text\">9 de julio &#8211; D\u00eda de la Independecia<\/span> Read More \u00bb<\/a><\/p>\n","protected":false},"author":2,"featured_media":3462,"comment_status":"closed","ping_status":"closed","sticky":false,"template":"","format":"standard","meta":{"inline_featured_image":false,"site-sidebar-layout":"default","site-content-layout":"default","ast-global-header-display":"","ast-main-header-display":"","ast-hfb-above-header-display":"","ast-hfb-below-header-display":"","ast-hfb-mobile-header-display":"","site-post-title":"","ast-breadcrumbs-content":"","ast-featured-img":"","footer-sml-layout":"","theme-transparent-header-meta":"default","adv-header-id-meta":"","stick-header-meta":"default","header-above-stick-meta":"","header-main-stick-meta":"","header-below-stick-meta":""},"categories":[2549],"tags":[],"yst_prominent_words":[2629,2635,754,753,1393,2630,2634,2633,755,2625,2632,2631,44,2627,2626,2663,2628,63],"_links":{"self":[{"href":"https:\/\/cardenal-newman.edu\/en\/wp-json\/wp\/v2\/posts\/3461"}],"collection":[{"href":"https:\/\/cardenal-newman.edu\/en\/wp-json\/wp\/v2\/posts"}],"about":[{"href":"https:\/\/cardenal-newman.edu\/en\/wp-json\/wp\/v2\/types\/post"}],"author":[{"embeddable":true,"href":"https:\/\/cardenal-newman.edu\/en\/wp-json\/wp\/v2\/users\/2"}],"replies":[{"embeddable":true,"href":"https:\/\/cardenal-newman.edu\/en\/wp-json\/wp\/v2\/comments?post=3461"}],"version-history":[{"count":18,"href":"https:\/\/cardenal-newman.edu\/en\/wp-json\/wp\/v2\/posts\/3461\/revisions"}],"predecessor-version":[{"id":3491,"href":"https:\/\/cardenal-newman.edu\/en\/wp-json\/wp\/v2\/posts\/3461\/revisions\/3491"}],"wp:featuredmedia":[{"embeddable":true,"href":"https:\/\/cardenal-newman.edu\/en\/wp-json\/wp\/v2\/media\/3462"}],"wp:attachment":[{"href":"https:\/\/cardenal-newman.edu\/en\/wp-json\/wp\/v2\/media?parent=3461"}],"wp:term":[{"taxonomy":"category","embeddable":true,"href":"https:\/\/cardenal-newman.edu\/en\/wp-json\/wp\/v2\/categories?post=3461"},{"taxonomy":"post_tag","embeddable":true,"href":"https:\/\/cardenal-newman.edu\/en\/wp-json\/wp\/v2\/tags?post=3461"},{"taxonomy":"yst_prominent_words","embeddable":true,"href":"https:\/\/cardenal-newman.edu\/en\/wp-json\/wp\/v2\/yst_prominent_words?post=3461"}],"curies":[{"name":"wp","href":"https:\/\/api.w.org\/{rel}","templated":true}]}}