{"id":3679,"date":"2020-08-06T10:26:09","date_gmt":"2020-08-06T13:26:09","guid":{"rendered":"https:\/\/cardenal-newman.edu\/?p=3679"},"modified":"2020-08-06T11:25:35","modified_gmt":"2020-08-06T14:25:35","slug":"laboratorio-de-ideas-covid-19-en-univ-austral","status":"publish","type":"post","link":"https:\/\/cardenal-newman.edu\/en\/laboratorio-de-ideas-covid-19-en-univ-austral\/","title":{"rendered":"Laboratorio de Ideas Covid 19 en Univ. Austral"},"content":{"rendered":"<section class=\"wpb-content-wrapper\"><p>[vc_row][vc_column][vc_column_text]\u00a1Participamos en un Laboratorio de Ideas organizado con la universidad Austral! Timoteo Feeney\u00a0 y Charles Norman acompa\u00f1ados por el Profesor Fernando Gorrini y con la coordinaci\u00f3n de\u00a0 Marit\u00e9 Martin se unieron en tres jornadas a profesores y alumnos de distintas carreras universitarias para proponer proyectos para la vuelta a clases en el marco del Covid 19. Medicina, Ingenier\u00eda Inform\u00e1tica, Abogac\u00eda fueron algunas de las ramas presentes que codo a codo trabajaron para proponer soluciones desde los diversos punto de vista. \u00a1Felicitaciones a Timoteo y Charles por su esp\u00edritu participativo y su compromiso![\/vc_column_text][\/vc_column][\/vc_row][vc_row][vc_column][vc_empty_space][\/vc_column][\/vc_row][vc_row][vc_column width=&#8221;1\/3&#8243;][vc_single_image image=&#8221;3684&#8243; img_size=&#8221;medium&#8221; alignment=&#8221;center&#8221;][\/vc_column][vc_column width=&#8221;1\/3&#8243;][vc_single_image image=&#8221;3680&#8243; img_size=&#8221;medium&#8221; alignment=&#8221;center&#8221;][\/vc_column][vc_column width=&#8221;1\/3&#8243;][vc_single_image image=&#8221;3682&#8243; img_size=&#8221;medium&#8221; alignment=&#8221;center&#8221;][\/vc_column][\/vc_row][vc_row][vc_column][vc_empty_space][\/vc_column][\/vc_row][vc_row][vc_column width=&#8221;1\/2&#8243; css=&#8221;.vc_custom_1596720083678{background-color: #f7f7f7 !important;}&#8221;][vc_column_text]<\/p>\n<h4 style=\"text-align: center;\"><strong>Charles Norman<\/strong><\/h4>\n<p><em>&#8220;\u00a1Muchas gracias por invitarme! Particip\u00e9 en el grupo de Ciencias Pol\u00edticas y relaciones internacionales, el trabajo estuvo muy bueno. Nuestro equipo se estuvo juntando a lo largo de la semana de manera voluntaria fuera del horario establecido para profundizar en nuestros trabajos. Fue muy interesante trabajar de cero con gente que no conoc\u00eda.<\/em><\/p>\n<p><em>Hab\u00eda alumnos de otras provincias lo cual ayud\u00f3 much\u00edsimo porque pudimos diversificar el trabajo con las distintas situaciones que se viven en las distintos lugares\u00a0 por la pandemia del covid-19 y no solo centrarnos en la situaci\u00f3n\u00a0 de Buenos Aires. Fue muy enriquecedor y creo que personalmente me ayud\u00f3 a saber que carrera quiero seguir en el futuro&#8221;.<\/em>[\/vc_column_text][\/vc_column][vc_column width=&#8221;1\/2&#8243;][vc_empty_space height=&#8221;25px&#8221; css=&#8221;.vc_custom_1596720667734{background-color: #f7f7f7 !important;}&#8221;][vc_column_text css=&#8221;.vc_custom_1596720463719{background-color: #f7f7f7 !important;}&#8221;]<\/p>\n<h4 style=\"text-align: center;\"><strong>Timoteo Feeney<\/strong><\/h4>\n<p><em>&#8220;Fue un honor haber sido elegido para representar al colegio en este proyecto de soluciones e ideas para la vuelta a clases en el marco del COVID-19. Personalmente, creo que me ayud\u00f3 a conocer otras realidades totalmente diferentes, as\u00ed como a relacionarme con chicos de otras provincias e informarme sobre c\u00f3mo est\u00e1n vivenciando ellos este momento de pandemia. Hubo una enorme dedicaci\u00f3n por parte de todo mi grupo de Ingenier\u00eda a lo largo de estas 3 semanas, en las que hicimos bastantes reuniones virtuales para poder crear en conjunto una aplicaci\u00f3n que facilita, soluciona, y de cierta manera hace m\u00e1s accesible la vuelta a clases de la totalidad del pa\u00eds. Esta actividad, me nutri\u00f3 de nuevos conocimientos y me di\u00f3 la posibilidad de expresar mis ideas de una forma diferente, pero tambi\u00e9n me ayud\u00f3 a conocer personas que van a estudiar mi misma carrera, y siento que me servir\u00e1 en el futuro de alguna manera u otra. Muchas gracias por darme esta oportunidad!&#8221;<\/em>[\/vc_column_text][\/vc_column][\/vc_row]<\/p>\n<\/section>","protected":false},"excerpt":{"rendered":"<p>[vc_row][vc_column][vc_column_text]\u00a1Participamos en un Laboratorio de Ideas organizado con la universidad Austral! Timoteo Feeney\u00a0 y Charles Norman acompa\u00f1ados por el Profesor Fernando Gorrini y con la coordinaci\u00f3n de\u00a0 Marit\u00e9 Martin se unieron en tres jornadas a profesores y alumnos de distintas carreras universitarias para proponer proyectos para la vuelta a clases en el marco del Covid 19. Medicina, Ingenier\u00eda Inform\u00e1tica, Abogac\u00eda &hellip;<\/p>\n<p class=\"read-more\"> <a class=\"ast-button\" href=\"https:\/\/cardenal-newman.edu\/en\/laboratorio-de-ideas-covid-19-en-univ-austral\/\"> <span class=\"screen-reader-text\">Laboratorio de Ideas Covid 19 en Univ. Austral<\/span> Read More \u00bb<\/a><\/p>\n","protected":false},"author":2,"featured_media":3682,"comment_status":"closed","ping_status":"closed","sticky":false,"template":"","format":"standard","meta":{"inline_featured_image":false,"site-sidebar-layout":"default","site-content-layout":"default","ast-global-header-display":"","ast-main-header-display":"","ast-hfb-above-header-display":"","ast-hfb-below-header-display":"","ast-hfb-mobile-header-display":"","site-post-title":"","ast-breadcrumbs-content":"","ast-featured-img":"","footer-sml-layout":"","theme-transparent-header-meta":"default","adv-header-id-meta":"","stick-header-meta":"default","header-above-stick-meta":"","header-main-stick-meta":"","header-below-stick-meta":""},"categories":[522],"tags":[],"yst_prominent_words":[25,2844,2867,2842,2841,2871,2866,2874,68,1716,125,2869,2873,2872,2843,2840,2838,2868,2870,2865],"_links":{"self":[{"href":"https:\/\/cardenal-newman.edu\/en\/wp-json\/wp\/v2\/posts\/3679"}],"collection":[{"href":"https:\/\/cardenal-newman.edu\/en\/wp-json\/wp\/v2\/posts"}],"about":[{"href":"https:\/\/cardenal-newman.edu\/en\/wp-json\/wp\/v2\/types\/post"}],"author":[{"embeddable":true,"href":"https:\/\/cardenal-newman.edu\/en\/wp-json\/wp\/v2\/users\/2"}],"replies":[{"embeddable":true,"href":"https:\/\/cardenal-newman.edu\/en\/wp-json\/wp\/v2\/comments?post=3679"}],"version-history":[{"count":8,"href":"https:\/\/cardenal-newman.edu\/en\/wp-json\/wp\/v2\/posts\/3679\/revisions"}],"predecessor-version":[{"id":3694,"href":"https:\/\/cardenal-newman.edu\/en\/wp-json\/wp\/v2\/posts\/3679\/revisions\/3694"}],"wp:featuredmedia":[{"embeddable":true,"href":"https:\/\/cardenal-newman.edu\/en\/wp-json\/wp\/v2\/media\/3682"}],"wp:attachment":[{"href":"https:\/\/cardenal-newman.edu\/en\/wp-json\/wp\/v2\/media?parent=3679"}],"wp:term":[{"taxonomy":"category","embeddable":true,"href":"https:\/\/cardenal-newman.edu\/en\/wp-json\/wp\/v2\/categories?post=3679"},{"taxonomy":"post_tag","embeddable":true,"href":"https:\/\/cardenal-newman.edu\/en\/wp-json\/wp\/v2\/tags?post=3679"},{"taxonomy":"yst_prominent_words","embeddable":true,"href":"https:\/\/cardenal-newman.edu\/en\/wp-json\/wp\/v2\/yst_prominent_words?post=3679"}],"curies":[{"name":"wp","href":"https:\/\/api.w.org\/{rel}","templated":true}]}}