{"id":3727,"date":"2020-08-15T19:27:14","date_gmt":"2020-08-15T22:27:14","guid":{"rendered":"https:\/\/cardenal-newman.edu\/?p=3727"},"modified":"2020-08-17T08:29:07","modified_gmt":"2020-08-17T11:29:07","slug":"170-aniversario-fallecimiento-gral-san-martin","status":"publish","type":"post","link":"https:\/\/cardenal-newman.edu\/en\/170-aniversario-fallecimiento-gral-san-martin\/","title":{"rendered":"170\u00b0 Aniversario fallecimiento del Gral. San Mart\u00edn"},"content":{"rendered":"<section class=\"wpb-content-wrapper\"><p>[vc_row][vc_column width=&#8221;1\/2&#8243;][vc_column_text]Compartimos este acto patrio tan especial para homenajear al General San Mart\u00edn, admirado luchador de la Buena Lucha. Hombre de valores dispuesto a dar la vida por la Libertad de su pueblo. Valiente, de firmes convicciones y tambi\u00e9n de una humildad y sencillez inspiradoras.\u00a0 L\u00edder, patriota y Padre de todos los argentinos. \u00bfLo seguimos descubriendo juntos?[\/vc_column_text][\/vc_column][vc_column width=&#8221;1\/2&#8243;][vc_single_image image=&#8221;3729&#8243; img_size=&#8221;medium&#8221; alignment=&#8221;center&#8221;][\/vc_column][\/vc_row][vc_row][vc_column][vc_column_text]El acto de hoy fue preparado por Mauge Pazos, vicedirectora de Castellano de Primaria y Cecilia Castro, Jefa de Sociales de ES. Ver\u00f3nica Temperley, Secretar\u00eda Academica de EP y\u00a0 Adr\u00edan Murano, Profesor de Historia ES suman sus voces para recrear pasajes de la vida de Jos\u00e9 de San Mart\u00edn. Seguimos recorriendo momentos hist\u00f3ricos en estilo &#8220;retro&#8221;: esta vez es la serie &#8220;El T\u00fanel del Tiempo&#8221;, de 1966, con dos viajeros que viajaban por la historia.<\/p>\n<ol>\n<li><strong> Apertura del Acto &#8220;Chacareras&#8221;, <\/strong>\u00a0grabada por el Coro de Alumnos\u00a0 de Secundaria dirigido por Federico Richards.<\/li>\n<li><strong>&#8220;Semblanza de San Mart\u00edn&#8221;<\/strong>. Con sus palabras y hechos; pura inspiraci\u00f3n.<\/li>\n<li><strong>\u00a0&#8220;San Mart\u00edn en Europa&#8221;<\/strong> para descubrir sus a\u00f1os menos conocidos.<\/li>\n<li><strong>&#8220;M\u00e1ximas para Mercedes&#8221;<\/strong>. Consejos de vida para su\u00a0 hija.<\/li>\n<li><strong>\u00a0Granaderos marchan en el Colegio.<\/strong> Revivimos ese momento tan especial\u00a0 con el tema &#8220;Sesenta Granaderos&#8221;.<\/li>\n<li><strong>Cierre Especial con el l Coro Edmund Rice:<\/strong> &#8220;Bendici\u00f3n Irlandesa&#8221; dirigida por Eduardo Vallejos.<\/li>\n<\/ol>\n<p>[\/vc_column_text][\/vc_column][\/vc_row][vc_row][vc_column][vc_empty_space][\/vc_column][\/vc_row][vc_row css=&#8221;.vc_custom_1597531201628{background-color: #f7f7f7 !important;}&#8221;][vc_column width=&#8221;1\/2&#8243;][vc_video link=&#8221;https:\/\/www.youtube.com\/watch?v=um5DDsHAg30&amp;feature=youtu.be&#8221;][\/vc_column][vc_column width=&#8221;1\/2&#8243;][vc_column_text]<\/p>\n<h4>Coro de Alumnos Secundaria<\/h4>\n<p>Dirigido por Federico Richards, el Coro uni\u00f3 sus voces por Zoom en estas chacareras. &#8220;A\u00f1oranzas&#8221;, &#8220;Chacarera del Finao&#8221;, &#8220;La Pocoy Pacha&#8221;, &#8220;La Gorda&#8221;, &#8220;Si de Cantar se trata&#8221;. \u00a1Bravo para chicos y su director! (2&#8242;,21\u00b4\u00b4)[\/vc_column_text][\/vc_column][\/vc_row][vc_row][vc_column][vc_empty_space][\/vc_column][\/vc_row][vc_row][vc_column width=&#8221;1\/2&#8243;][vc_column_text]<\/p>\n<h4>Semblanza de San Mart\u00edn<\/h4>\n<p>Los momentos que marcaron su vida y la de nuestra Patria.(3\u00b4,56\u00b4\u00b4)[\/vc_column_text][\/vc_column][vc_column width=&#8221;1\/2&#8243;][vc_video link=&#8221;https:\/\/www.youtube.com\/watch?v=gYTWOUM8DYI&amp;feature=youtu.be&#8221;][\/vc_column][\/vc_row][vc_row][vc_column][vc_empty_space][\/vc_column][\/vc_row][vc_row css=&#8221;.vc_custom_1597531235018{background-color: #f7f7f7 !important;}&#8221;][vc_column width=&#8221;1\/2&#8243;][vc_column_text]<\/p>\n<h4>San Mart\u00edn en Europa<\/h4>\n<p>El exilio, su lado menos conocido. (2\u00b4,53\u00b4\u00b4)[\/vc_column_text][\/vc_column][vc_column width=&#8221;1\/2&#8243;][vc_video link=&#8221;https:\/\/youtu.be\/p549Sqc_vEU&#8221;][\/vc_column][\/vc_row][vc_row][vc_column][vc_empty_space][\/vc_column][\/vc_row][vc_row][vc_column][vc_single_image image=&#8221;3744&#8243; img_size=&#8221;large&#8221; alignment=&#8221;center&#8221; onclick=&#8221;custom_link&#8221; link=&#8221;https:\/\/online.fliphtml5.com\/qzazd\/wwif\/&#8221;][vc_column_text]<\/p>\n<p style=\"text-align: center;\"><em>Click en la imagen para conocer las m\u00e1ximas<\/em><\/p>\n<p>[\/vc_column_text][vc_column_text]<\/p>\n<h4><strong>M\u00e1ximas para Merceditas<\/strong><\/h4>\n<p>Una lista de consejos para la vida. \u00bfQu\u00e9 nos gustar\u00eda que nuestros padres nos dejen como consejo? \u00bfQu\u00e9 gu\u00edas escribir\u00edamos los padres a nuestros hijos? Estos son los de San Mart\u00edn para su querida hija Merceditas.[\/vc_column_text][\/vc_column][\/vc_row][vc_row][vc_column][vc_empty_space][\/vc_column][\/vc_row][vc_row css=&#8221;.vc_custom_1597531259158{background-color: #f7f7f7 !important;}&#8221;][vc_column width=&#8221;1\/2&#8243;][vc_column_text]<\/p>\n<h4>La Visita de los Granaderos al Colegio<\/h4>\n<p>[\/vc_column_text][vc_column_text]Recordamos cuando tuvimos el honor de recibirlos y flanquearlos en fila con nuestro respeto.<strong>Sab\u00edas que.<\/strong>&#8230;San Mart\u00edn cre\u00f3 el Regimiento de Granaderos a Caballo el 16 de marzo de 1812. Necesitaba soldados apasionados por su Patria y se dedic\u00f3 a formarles en valores, fundados en ideales de libertad y soberan\u00eda. (2&#8242;,18\u00b4\u00b4)[\/vc_column_text][\/vc_column][vc_column width=&#8221;1\/2&#8243;][vc_video link=&#8221;https:\/\/www.youtube.com\/watch?v=_pOL-9tY0Sg&amp;feature=youtu.be&#8221;][\/vc_column][\/vc_row][vc_row][vc_column][vc_empty_space][\/vc_column][\/vc_row][vc_row css=&#8221;.vc_custom_1597531259158{background-color: #f7f7f7 !important;}&#8221;][vc_column width=&#8221;1\/2&#8243;][vc_column_text]<\/p>\n<h4>Bendici\u00f3n Irlandesa del Coro Edmundo Rice<\/h4>\n<p>Un emotivo cierre de acto con la bendici\u00f3n en las voces del coro de la comunidad. Dirigidos por Eduardo Vallejo.[\/vc_column_text][\/vc_column][vc_column width=&#8221;1\/2&#8243;][vc_video link=&#8221;https:\/\/youtu.be\/O7KMoLpTBSw&#8221;][\/vc_column][\/vc_row][vc_row][vc_column][vc_empty_space][\/vc_column][\/vc_row]<\/p>\n<\/section>","protected":false},"excerpt":{"rendered":"<p>[vc_row][vc_column width=&#8221;1\/2&#8243;][vc_column_text]Compartimos este acto patrio tan especial para homenajear al General San Mart\u00edn, admirado luchador de la Buena Lucha. Hombre de valores dispuesto a dar la vida por la Libertad de su pueblo. Valiente, de firmes convicciones y tambi\u00e9n de una humildad y sencillez inspiradoras.\u00a0 L\u00edder, patriota y Padre de todos los argentinos. \u00bfLo seguimos descubriendo juntos?[\/vc_column_text][\/vc_column][vc_column width=&#8221;1\/2&#8243;][vc_single_image image=&#8221;3729&#8243; img_size=&#8221;medium&#8221; &hellip;<\/p>\n<p class=\"read-more\"> <a class=\"ast-button\" href=\"https:\/\/cardenal-newman.edu\/en\/170-aniversario-fallecimiento-gral-san-martin\/\"> <span class=\"screen-reader-text\">170\u00b0 Aniversario fallecimiento del Gral. San Mart\u00edn<\/span> Read More \u00bb<\/a><\/p>\n","protected":false},"author":2,"featured_media":3749,"comment_status":"closed","ping_status":"closed","sticky":false,"template":"","format":"standard","meta":{"inline_featured_image":false,"site-sidebar-layout":"default","site-content-layout":"default","ast-global-header-display":"","ast-main-header-display":"","ast-hfb-above-header-display":"","ast-hfb-below-header-display":"","ast-hfb-mobile-header-display":"","site-post-title":"disabled","ast-breadcrumbs-content":"","ast-featured-img":"disabled","footer-sml-layout":"","theme-transparent-header-meta":"default","adv-header-id-meta":"1182","stick-header-meta":"default","header-above-stick-meta":"","header-main-stick-meta":"","header-below-stick-meta":""},"categories":[2549],"tags":[],"yst_prominent_words":[2635,2957,2953,2898,2936,1381,2937,2923,2632,762,2956,2905,1035,2899,2955,2901,2900,35,61,2935],"_links":{"self":[{"href":"https:\/\/cardenal-newman.edu\/en\/wp-json\/wp\/v2\/posts\/3727"}],"collection":[{"href":"https:\/\/cardenal-newman.edu\/en\/wp-json\/wp\/v2\/posts"}],"about":[{"href":"https:\/\/cardenal-newman.edu\/en\/wp-json\/wp\/v2\/types\/post"}],"author":[{"embeddable":true,"href":"https:\/\/cardenal-newman.edu\/en\/wp-json\/wp\/v2\/users\/2"}],"replies":[{"embeddable":true,"href":"https:\/\/cardenal-newman.edu\/en\/wp-json\/wp\/v2\/comments?post=3727"}],"version-history":[{"count":18,"href":"https:\/\/cardenal-newman.edu\/en\/wp-json\/wp\/v2\/posts\/3727\/revisions"}],"predecessor-version":[{"id":3758,"href":"https:\/\/cardenal-newman.edu\/en\/wp-json\/wp\/v2\/posts\/3727\/revisions\/3758"}],"wp:featuredmedia":[{"embeddable":true,"href":"https:\/\/cardenal-newman.edu\/en\/wp-json\/wp\/v2\/media\/3749"}],"wp:attachment":[{"href":"https:\/\/cardenal-newman.edu\/en\/wp-json\/wp\/v2\/media?parent=3727"}],"wp:term":[{"taxonomy":"category","embeddable":true,"href":"https:\/\/cardenal-newman.edu\/en\/wp-json\/wp\/v2\/categories?post=3727"},{"taxonomy":"post_tag","embeddable":true,"href":"https:\/\/cardenal-newman.edu\/en\/wp-json\/wp\/v2\/tags?post=3727"},{"taxonomy":"yst_prominent_words","embeddable":true,"href":"https:\/\/cardenal-newman.edu\/en\/wp-json\/wp\/v2\/yst_prominent_words?post=3727"}],"curies":[{"name":"wp","href":"https:\/\/api.w.org\/{rel}","templated":true}]}}