{"id":3759,"date":"2020-08-18T13:02:23","date_gmt":"2020-08-18T16:02:23","guid":{"rendered":"https:\/\/cardenal-newman.edu\/?p=3759"},"modified":"2020-08-18T14:15:22","modified_gmt":"2020-08-18T17:15:22","slug":"50-aniversario-br-michael-lynch","status":"publish","type":"post","link":"https:\/\/cardenal-newman.edu\/en\/50-aniversario-br-michael-lynch\/","title":{"rendered":"50\u00b0 Aniversario Br. Michael Lynch"},"content":{"rendered":"<section class=\"wpb-content-wrapper\"><p>[vc_row][vc_column][vc_single_image image=&#8221;3764&#8243; alignment=&#8221;center&#8221;][vc_column_text]<\/p>\n<h3 style=\"text-align: center;\">18 de agosto de 2020 &#8211; Celebramos el 50\u00b0 Aniversario de Brother Michael Lynch<\/h3>\n<p>[\/vc_column_text][\/vc_column][\/vc_row][vc_row css=&#8221;.vc_custom_1597766056651{background-color: #f7f7f7 !important;}&#8221;][vc_column width=&#8221;1\/2&#8243;][vc_single_image image=&#8221;3760&#8243; img_size=&#8221;medium&#8221; alignment=&#8221;center&#8221;][vc_single_image image=&#8221;3762&#8243; img_size=&#8221;medium&#8221; alignment=&#8221;center&#8221;][\/vc_column][vc_column width=&#8221;1\/2&#8243;][vc_column_text]Hoy honramos la vida y vocaci\u00f3n de servicio de Br. Michael Lynch, l\u00edder de la comunidad en Argentina. Se cumplen 50 a\u00f1os de su ingreso a la Congregaci\u00f3n.\u00a0 Su figura fue y es fundamental en el cuidado de los Brothers mayores &#8211; O\u00b4Donnell, Doherty, Wall, Hays y Thomas- y un gran sost\u00e9n en el momento de la mudanza luego de tantos a\u00f1os viviendo en el Colegio. Mucho m\u00e1s que una mudanza.<\/p>\n<p>Br. Lynch naci\u00f3 en Irlanda. En sus primeros a\u00f1os como Brother trabaj\u00f3 en distintos colegios.\u00a0 Luego fue destinado a Paraguay donde trabaj\u00f3 muchos a\u00f1os en la c\u00e1rcel. Por su huella y compromiso con los reclusos, el Gobierno lo design\u00f3 como Director de la c\u00e1rcel. Al concluir esa etapa, lleg\u00f3 a nuestra comunidad.<\/p>\n<h5>50 a\u00f1os de un llamado. 50 a\u00f1os de entrega. Nos sentimos bendecidos de tener a Br. Michael Lynch entre nosotros, acompa\u00f1ando y viviendo juntos el esp\u00edritu de Edmundo.<\/h5>\n<p>[\/vc_column_text][\/vc_column][vc_column][vc_btn title=&#8221;\u00bfTe gustar\u00eda dejar un mensaje para Br. Michael Lynch? Click Aqu\u00ed&#8221; color=&#8221;green&#8221; align=&#8221;center&#8221; link=&#8221;url:https%3A%2F%2Fforms.gle%2FYbw3k9cQHH7ShRus7|||&#8221;][\/vc_column][\/vc_row][vc_row css=&#8221;.vc_custom_1597770524632{background-color: #f7f7f7 !important;}&#8221;][vc_column][vc_single_image image=&#8221;3774&#8243; img_size=&#8221;medium&#8221; alignment=&#8221;center&#8221;][vc_column_text]<\/p>\n<h6 style=\"text-align: center;\">Michael Lynch en la Misa con motivo de la Canonizaci\u00f3n de John Henry Newman<\/h6>\n<p>[\/vc_column_text][\/vc_column][\/vc_row]<\/p>\n<\/section>","protected":false},"excerpt":{"rendered":"<p>[vc_row][vc_column][vc_single_image image=&#8221;3764&#8243; alignment=&#8221;center&#8221;][vc_column_text] 18 de agosto de 2020 &#8211; Celebramos el 50\u00b0 Aniversario de Brother Michael Lynch [\/vc_column_text][\/vc_column][\/vc_row][vc_row css=&#8221;.vc_custom_1597766056651{background-color: #f7f7f7 !important;}&#8221;][vc_column width=&#8221;1\/2&#8243;][vc_single_image image=&#8221;3760&#8243; img_size=&#8221;medium&#8221; alignment=&#8221;center&#8221;][vc_single_image image=&#8221;3762&#8243; img_size=&#8221;medium&#8221; alignment=&#8221;center&#8221;][\/vc_column][vc_column width=&#8221;1\/2&#8243;][vc_column_text]Hoy honramos la vida y vocaci\u00f3n de servicio de Br. Michael Lynch, l\u00edder de la comunidad en Argentina. Se cumplen 50 a\u00f1os de su ingreso a la Congregaci\u00f3n.\u00a0 Su figura fue y &hellip;<\/p>\n<p class=\"read-more\"> <a class=\"ast-button\" href=\"https:\/\/cardenal-newman.edu\/en\/50-aniversario-br-michael-lynch\/\"> <span class=\"screen-reader-text\">50\u00b0 Aniversario Br. Michael Lynch<\/span> Read More \u00bb<\/a><\/p>\n","protected":false},"author":2,"featured_media":3762,"comment_status":"closed","ping_status":"closed","sticky":false,"template":"","format":"standard","meta":{"inline_featured_image":false,"site-sidebar-layout":"default","site-content-layout":"default","ast-global-header-display":"","ast-main-header-display":"","ast-hfb-above-header-display":"","ast-hfb-below-header-display":"","ast-hfb-mobile-header-display":"","site-post-title":"","ast-breadcrumbs-content":"","ast-featured-img":"","footer-sml-layout":"","theme-transparent-header-meta":"default","adv-header-id-meta":"","stick-header-meta":"default","header-above-stick-meta":"","header-main-stick-meta":"","header-below-stick-meta":""},"categories":[2549],"tags":[],"yst_prominent_words":[2960,2962,50,2965,96,125,2959,2961,2958,2963,30,2964],"_links":{"self":[{"href":"https:\/\/cardenal-newman.edu\/en\/wp-json\/wp\/v2\/posts\/3759"}],"collection":[{"href":"https:\/\/cardenal-newman.edu\/en\/wp-json\/wp\/v2\/posts"}],"about":[{"href":"https:\/\/cardenal-newman.edu\/en\/wp-json\/wp\/v2\/types\/post"}],"author":[{"embeddable":true,"href":"https:\/\/cardenal-newman.edu\/en\/wp-json\/wp\/v2\/users\/2"}],"replies":[{"embeddable":true,"href":"https:\/\/cardenal-newman.edu\/en\/wp-json\/wp\/v2\/comments?post=3759"}],"version-history":[{"count":13,"href":"https:\/\/cardenal-newman.edu\/en\/wp-json\/wp\/v2\/posts\/3759\/revisions"}],"predecessor-version":[{"id":3780,"href":"https:\/\/cardenal-newman.edu\/en\/wp-json\/wp\/v2\/posts\/3759\/revisions\/3780"}],"wp:featuredmedia":[{"embeddable":true,"href":"https:\/\/cardenal-newman.edu\/en\/wp-json\/wp\/v2\/media\/3762"}],"wp:attachment":[{"href":"https:\/\/cardenal-newman.edu\/en\/wp-json\/wp\/v2\/media?parent=3759"}],"wp:term":[{"taxonomy":"category","embeddable":true,"href":"https:\/\/cardenal-newman.edu\/en\/wp-json\/wp\/v2\/categories?post=3759"},{"taxonomy":"post_tag","embeddable":true,"href":"https:\/\/cardenal-newman.edu\/en\/wp-json\/wp\/v2\/tags?post=3759"},{"taxonomy":"yst_prominent_words","embeddable":true,"href":"https:\/\/cardenal-newman.edu\/en\/wp-json\/wp\/v2\/yst_prominent_words?post=3759"}],"curies":[{"name":"wp","href":"https:\/\/api.w.org\/{rel}","templated":true}]}}