{"id":3850,"date":"2020-09-10T17:29:03","date_gmt":"2020-09-10T20:29:03","guid":{"rendered":"https:\/\/cardenal-newman.edu\/?p=3850"},"modified":"2020-09-11T07:54:21","modified_gmt":"2020-09-11T10:54:21","slug":"11-de-septiembre-acto-dia-del-maestro","status":"publish","type":"post","link":"https:\/\/cardenal-newman.edu\/en\/11-de-septiembre-acto-dia-del-maestro\/","title":{"rendered":"11 de septiembre &#8211; Acto D\u00eda del Maestro"},"content":{"rendered":"<section class=\"wpb-content-wrapper\"><p>[vc_row][vc_column][vc_column_text]<\/p>\n<h4><span style=\"font-weight: 400;\">C<\/span><span style=\"font-weight: 400;\">ada 11 de septiembre se celebra en la Argentina el D\u00eda del Maestro, en conmemoraci\u00f3n al fallecimiento de <\/span><b>Domingo Faustino Sarmiento. <\/b><span style=\"font-weight: 400;\">Considerado el \u201cpadre del aula\u201d, y quien logr\u00f3 llegar a la Presidencia de la Naci\u00f3n entre 1868-1874. <\/span><\/h4>\n<h4><span style=\"font-weight: 400;\">Hoy en el Colegio Cardenal Newman tambi\u00e9n celebramos este d\u00eda con un acto dedicado a todos los maestros y profesores. Esto fue pensado <\/span><span style=\"font-weight: 400;\">para Ustedes, nuestros h\u00e9roes, quienes supieron reinventarse en estos tiempos y no perder la luz que los caracteriza.<\/span><\/h4>\n<p>[\/vc_column_text][\/vc_column][\/vc_row][vc_row][vc_column][\/vc_column][\/vc_row][vc_row][vc_column][vc_empty_space][vc_single_image image=&#8221;3913&#8243; img_size=&#8221;full&#8221; alignment=&#8221;center&#8221;][vc_empty_space][\/vc_column][\/vc_row][vc_row][vc_column][vc_single_image image=&#8221;3864&#8243; alignment=&#8221;center&#8221;][\/vc_column][\/vc_row][vc_row css=&#8221;.vc_custom_1599677907760{background-color: #eae393 !important;}&#8221;][vc_column width=&#8221;1\/6&#8243;][vc_icon icon_fontawesome=&#8221;fas fa-envelope&#8221; color=&#8221;custom&#8221; size=&#8221;xl&#8221; align=&#8221;center&#8221; custom_color=&#8221;#81142c&#8221;][\/vc_column][vc_column width=&#8221;5\/6&#8243;][vc_column_text]<\/p>\n<h3 style=\"text-align: center;\">&#8220;Todo lo que aprend\u00ed en el colegio sucedi\u00f3 en los recreos&#8221;<\/h3>\n<p>[\/vc_column_text][\/vc_column][\/vc_row][vc_row css=&#8221;.vc_custom_1599677892971{background-color: #eae393 !important;}&#8221;][vc_column][vc_column_text]<\/p>\n<h6>Hace unos cuantos a\u00f1os escuch\u00e9 esta frase en boca del expositor de un curso al que asist\u00ed. Tuve la impresi\u00f3n que consist\u00eda en uno de esos t\u00edpicos <em>slogans<\/em> con apariencia intrigante y que ante el primer intento de an\u00e1lisis enseguida uno descubre que no hay mucho por detr\u00e1s, que est\u00e1 casi vac\u00edo. No s\u00e9 si este buen hombre estar\u00eda con rencor por alg\u00fan lejano motivo o quiz\u00e1s con un incipiente deterioro en la memoria. En aquel momento me pregunt\u00e9 (y todav\u00eda hoy de alg\u00fan modo sigo haci\u00e9ndolo): \u00bfQui\u00e9n le habr\u00e1 ense\u00f1ado los primeros trazos de las letras hasta complejizar toda su escritura? \u00bfY los c\u00e1lculos matem\u00e1ticos? \u00bfCon qui\u00e9nes indag\u00f3 obras literarias, aprendi\u00f3 otros idiomas, descubri\u00f3 los misterios de la vida microsc\u00f3pica y las pasmosas distancias estelares? \u00bfQui\u00e9nes le presentaron todos los personajes de la historia universal con quienes imaginariamente creamos, viajamos, discutimos y nos abrazamos \u00a0en tantas ocasiones? \u00bfNo ser\u00e1 que tambi\u00e9n algunos encontraron incluso su vocaci\u00f3n en alg\u00fan aula? \u00bfY su fe, no habr\u00e1 sido enriquecida all\u00ed mismo por el testimonio de tantos?<\/h6>\n<h6><strong>Ante las expresiones de moda, los fracasos pol\u00edticos y la irrupci\u00f3n de frivolidades insiste el arte invisible de educar.<\/strong><\/h6>\n<h6>Son ustedes, maestros y profesores, los que cotidianamente, en silencio y con un inmenso esfuerzo ayudan a nuestros alumnos a pensar mejor y a actuar seg\u00fan los valores que nos inspiran, ofreci\u00e9ndoles oportunidades para que cada uno de ellos construya sus propios caminos.<\/h6>\n<h6>Hannah Arendt dijo hace ya m\u00e1s de medio siglo que estamos ante la primera generaci\u00f3n de adultos que dimiti\u00f3 del deber de recibir a las nuevas generaciones, darles cobijo e insertarlas en la cultura, dej\u00e1ndolas libradas a su propia inmanencia. <strong>La verdad, en Newman no se nota.<\/strong> Es por lo tanto justo dar reconocimiento a la noble misi\u00f3n que llevan adelante junto a las familias.<\/h6>\n<h6>Estas brev\u00edsimas reflexiones, investidas del agradecimiento hacia ustedes de parte de Luz, Marit\u00e9, Mauge, Nicol\u00e1s y Alberto, tienen la pretenciosa intenci\u00f3n de rendir homenaje a su tarea (como si pudiera hacerse s\u00f3lo con algunas pocas palabras).<\/h6>\n<h6>Anhelando que disfruten del siguiente acto conmemorativo les dejo una nueva propuesta para titular este texto:<\/h6>\n<h6>\u201c<u>Me cuesta imaginar un mundo sin escuelas. Creo que es inconcebible sin maestros<\/u>\u201d<\/h6>\n<h6>Un abrazo y mi admiraci\u00f3n de siempre.<\/h6>\n<h3 style=\"text-align: center;\"><strong>Leo<\/strong><\/h3>\n<p>[\/vc_column_text][vc_empty_space][\/vc_column][\/vc_row][vc_row][vc_column][vc_single_image image=&#8221;3905&#8243; alignment=&#8221;center&#8221;][vc_column_text]<\/p>\n<h3><strong>Sarmiento: Un poco de historia y su Himno.<\/strong><\/h3>\n<h5><strong>Les contamos sobre el legado de Sarmiento junto a retratos realizados por alumnos de ES. Tambi\u00e9n, fragmentos del Himno a Sarmiento de los Talleres del Prof. Eduardo Morandi, Alicia Basta (Flauta Traversa)\u00a0 y Alicia Alberti (Cello).<\/strong><\/h5>\n<p>[\/vc_column_text][\/vc_column][\/vc_row][vc_row][vc_column width=&#8221;1\/2&#8243;][vc_video link=&#8221;https:\/\/www.youtube.com\/watch?v=NHVipy-_IIY&amp;t=73s&#8221; align=&#8221;center&#8221;][\/vc_column][vc_column width=&#8221;1\/2&#8243;][vc_video link=&#8221;https:\/\/www.youtube.com\/watch?v=1P_p8BappCI&#8221; align=&#8221;center&#8221;][\/vc_column][\/vc_row][vc_row][vc_column][vc_column_text]<\/p>\n<h6>Texto: Eduardo Morandi\/ Lectura texto: Jos\u00e9 Collazo (6\u00ba a\u00f1o ES)\/ Cello: Prof. Alicia Alberti\/ Flauta Traversa: Marcos Gonzalez Cassartelli, Salvador Perez Mendoza, Jos\u00e9 Eijo, Juan Cruz Fort\u00edn, Nicol\u00e1s Kook<br \/>\nRetratos: Keoni Soler, Joaqu\u00edn Mendilaharzu, Benito Perkins, Facundo Lanusse, Marcos Fratantoni y Crist\u00f3bal Garat.\/ Prof. Flauta Traversa: Alicia Basta.<\/h6>\n<p>[\/vc_column_text][\/vc_column][\/vc_row][vc_row css=&#8221;.vc_custom_1597531201628{background-color: #f7f7f7 !important;}&#8221;][vc_column][vc_single_image image=&#8221;3868&#8243; alignment=&#8221;center&#8221;][\/vc_column][\/vc_row][vc_row css=&#8221;.vc_custom_1597531201628{background-color: #f7f7f7 !important;}&#8221;][vc_column width=&#8221;1\/2&#8243;][vc_column_text]<\/p>\n<h3 style=\"text-align: center;\"><strong>\u00a1Gracias &amp; Feliz D\u00eda del Maestro!<\/strong><\/h3>\n<h4><\/h4>\n<p>[\/vc_column_text][vc_column_text]<\/p>\n<h5><strong>Un video especial, 60 segundos para expresar toda nuestra gratitud y admiraci\u00f3n en este a\u00f1o tan especial.<\/strong><\/h5>\n<h5><strong>Producci\u00f3n audiovisual: Prof. Daniel Politano<\/strong><\/h5>\n<p>[\/vc_column_text][\/vc_column][vc_column width=&#8221;1\/2&#8243;][vc_video link=&#8221;https:\/\/youtu.be\/FpQbxC-swEE&#8221;][\/vc_column][\/vc_row][vc_row][vc_column][vc_single_image image=&#8221;3891&#8243; alignment=&#8221;center&#8221;][\/vc_column][\/vc_row][vc_row][vc_column width=&#8221;1\/2&#8243;][vc_column_text]<\/p>\n<h3 style=\"text-align: center;\"><strong>\u00a1Dos voces que representan a m\u00e1s de 700 familias!<\/strong><\/h3>\n<h4><\/h4>\n<p>[\/vc_column_text][vc_column_text]<\/p>\n<h5><strong>Con el reconocimiento de toda la comunidad a nuestros queridos maestros, palabras de Agustina Kaplun en nombre de EP y Federico Granato en representaci\u00f3n de ES.<\/strong><\/h5>\n<p>[\/vc_column_text][\/vc_column][vc_column width=&#8221;1\/2&#8243;][vc_single_image image=&#8221;3923&#8243; img_size=&#8221;medium&#8221; alignment=&#8221;center&#8221; onclick=&#8221;custom_link&#8221; link=&#8221;https:\/\/drive.google.com\/file\/d\/1h0Q6MuL9_bblzoSaTAAJHISjz7qjriLm\/view?usp=sharing&#8221;][vc_column_text]<\/p>\n<h6 style=\"text-align: center;\">Click en la imagen para ver el mensaje.<\/h6>\n<p>[\/vc_column_text][\/vc_column][\/vc_row][vc_row css=&#8221;.vc_custom_1599775316703{background-color: #f7f7f7 !important;}&#8221;][vc_column][vc_single_image image=&#8221;3908&#8243; alignment=&#8221;center&#8221;][\/vc_column][\/vc_row][vc_row css=&#8221;.vc_custom_1599775589535{background-color: #f7f7f7 !important;}&#8221;][vc_column width=&#8221;1\/2&#8243; css=&#8221;.vc_custom_1599774179530{background-color: #f7f7f7 !important;}&#8221;][vc_column_text]<\/p>\n<h3 style=\"text-align: center;\"><strong>Nuestra Luz<\/strong><\/h3>\n<h4><\/h4>\n<p>[\/vc_column_text][vc_column_text]<\/p>\n<h5><strong>Los invitamos a ver el video \u201cCustodios de la llama\u201d. Un simple homenaje a todos los profesores, a todos los maestros que entienden su funci\u00f3n como la de gu\u00edas encargados de mantener encendida la llama con la que nace cada ni\u00f1o.<\/strong><\/h5>\n<p>[\/vc_column_text][\/vc_column][vc_column width=&#8221;1\/2&#8243; css=&#8221;.vc_custom_1599775567451{background-color: #f7f7f7 !important;}&#8221;][vc_video link=&#8221;https:\/\/www.youtube.com\/watch?v=aX_Dxo32kNo&#8221;][\/vc_column][\/vc_row][vc_row][vc_column][vc_single_image image=&#8221;3877&#8243; alignment=&#8221;center&#8221;][\/vc_column][\/vc_row][vc_row][vc_column width=&#8221;1\/2&#8243;][vc_column_text]<\/p>\n<h3 style=\"text-align: center;\"><strong>\u00bfQu\u00e9 significa ser Maestros para ustedes?<\/strong><\/h3>\n<h4><\/h4>\n<p>[\/vc_column_text][vc_column_text]<\/p>\n<h5><strong>Los alumnos de primaria y secundaria (del taller de Conjunto Instrumental y de Guitarra) se animaron a responder esta pregunta a trav\u00e9s de dos d\u00e9cimas. Cada d\u00e9cima es una estrofa de 10 versos octos\u00edlabos con rima.<\/strong><\/h5>\n<p>[\/vc_column_text][vc_empty_space height=&#8221;55px&#8221;][vc_column_text]<\/p>\n<h6><strong>Letra<\/strong>:\u00a0<span style=\"font-weight: 400;\">Ignacio VILLARROEL BUNGE &#8211; 5to A\u00f1o \/ <\/span><span style=\"font-weight: 400;\">Mart\u00edn PETTINAROLI &#8211; 5to A\u00f1o. <\/span><b>Voces: <\/b><span style=\"font-weight: 400;\">Ignacio VILLARROEL BUNGE &#8211; 5to A\u00f1o E.S.\/ <\/span><span style=\"font-weight: 400;\">Mart\u00edn PETTINAROLI &#8211; 5to A\u00f1o E.S.\/ <\/span><span style=\"font-weight: 400;\">Ezequiel MOLINA &#8211; 6to A\u00f1o E.S\/ <\/span><span style=\"font-weight: 400;\">Agust\u00edn RODR\u00cdGUEZ RIBAS &#8211; 5to A\u00f1o E.P.\/ <\/span><span style=\"font-weight: 400;\">Beltr\u00e1n RICUR &#8211; 6to A\u00f1o E.P.\/ <\/span><span style=\"font-weight: 400;\">Santiago SANTARELLI &#8211; 6to A\u00f1o E.P\/ Sim\u00f3n POMMER 6to. EP. <\/span><b>Guitarras: <\/b><span style=\"font-weight: 400;\">Jos\u00e9 Mar\u00eda HARDOY\/ <\/span><span style=\"font-weight: 400;\">Marcos IRIBARREN\/ <\/span><span style=\"font-weight: 400;\">Benito Mart\u00edn LLAMB\u00cd \/ <\/span><span style=\"font-weight: 400;\">Santiago MAROLDA\u00a0<\/span><span style=\"font-weight: 400;\"><br \/>\n<\/span><b>Edici\u00f3n:<\/b> <span style=\"font-weight: 400;\">Prof. Juan Cordone y Prof. Sebasti\u00e1n Abadie<\/span><\/h6>\n<p>[\/vc_column_text][vc_column_text][\/vc_column_text][\/vc_column][vc_column width=&#8221;1\/2&#8243;][vc_video link=&#8221;https:\/\/www.youtube.com\/watch?v=jWiYaAt0afs&#8221; align=&#8221;center&#8221;][vc_column_text]<\/p>\n<h5><b><i>SEMBRADORES<\/i><\/b><\/h5>\n<h6><i><span style=\"font-weight: 400;\">Maestros y profesores\/ <\/span><\/i><i><span style=\"font-weight: 400;\">te motivan a aprender\/ <\/span><\/i><i><span style=\"font-weight: 400;\">te ayudan a comprender\/ <\/span><\/i><i><span style=\"font-weight: 400;\">Encienden nuestros motores\/ <\/span><\/i><i><span style=\"font-weight: 400;\">son expertos sembradores\/ <\/span><\/i><i><span style=\"font-weight: 400;\">Ellos entregan su vida\/ <\/span><\/i><i><span style=\"font-weight: 400;\">una vida distinguida\/ <\/span><\/i><i><span style=\"font-weight: 400;\">Realizan su profesi\u00f3n\/ <\/span><\/i><i><span style=\"font-weight: 400;\">con amor y compasi\u00f3n\/ <\/span><\/i><i><span style=\"font-weight: 400;\">Me genera admiraci\u00f3n\/ <\/span><\/i><i><span style=\"font-weight: 400;\">La palabra profesores\/ <\/span><\/i><i><span style=\"font-weight: 400;\">Es parte de la infancia\/ <\/span><\/i><i><span style=\"font-weight: 400;\">Siempre con perseverancia\/ <\/span><\/i><i><span style=\"font-weight: 400;\">Ayudan con sus amores\/ <\/span><\/i><i><span style=\"font-weight: 400;\">Motivando ilusiones\/ <\/span><\/i><i><span style=\"font-weight: 400;\">Instrumentando su tiempo\/ <\/span><\/i><i><span style=\"font-weight: 400;\">Mostrando con el ejemplo\/ <\/span><\/i><i><span style=\"font-weight: 400;\">El esfuerzo los define\/ <\/span><\/i><i><span style=\"font-weight: 400;\">Por eso es que yo vine\/ <\/span><\/i><i><span style=\"font-weight: 400;\">A valorar su este momento<\/span><\/i><\/h6>\n<p>[\/vc_column_text][\/vc_column][\/vc_row][vc_row css=&#8221;.vc_custom_1599769213918{background-color: #f7f7f7 !important;}&#8221;][vc_column][vc_single_image image=&#8221;3894&#8243; alignment=&#8221;center&#8221;][\/vc_column][\/vc_row][vc_row css=&#8221;.vc_custom_1599769239614{background-color: #f7f7f7 !important;}&#8221;][vc_column width=&#8221;1\/2&#8243;][vc_column_text]<\/p>\n<h3 style=\"text-align: center;\"><strong>Nos despedimos con otro agradecimiento del equipo Directivo<\/strong><\/h3>\n<h4><\/h4>\n<p>[\/vc_column_text][vc_column_text]<\/p>\n<h5><strong>Palabras de cierre en nombre de todo el equipo Directivo:\u00a0 Nicolas Condom\u00ed Alcorta (Director Ped\u00e1gogico ES)\u00a0 y\u00a0 Luz Meyrelles (Vicedirectora Ingl\u00e9s EP) con edici\u00f3n de Mauge Pazos (Vicedirectora Castellano EP).<\/strong><\/h5>\n<p>[\/vc_column_text][\/vc_column][vc_column width=&#8221;1\/2&#8243;][vc_video link=&#8221;https:\/\/youtu.be\/C_qEQ3VnAio&#8221;][\/vc_column][\/vc_row][vc_row][vc_column][\/vc_column][\/vc_row][vc_row][vc_column][vc_empty_space][\/vc_column][\/vc_row]<\/p>\n<\/section>","protected":false},"excerpt":{"rendered":"<p>[vc_row][vc_column][vc_column_text] Cada 11 de septiembre se celebra en la Argentina el D\u00eda del Maestro, en conmemoraci\u00f3n al fallecimiento de Domingo Faustino Sarmiento. Considerado el \u201cpadre del aula\u201d, y quien logr\u00f3 llegar a la Presidencia de la Naci\u00f3n entre 1868-1874. Hoy en el Colegio Cardenal Newman tambi\u00e9n celebramos este d\u00eda con un acto dedicado a todos los maestros y profesores. Esto &hellip;<\/p>\n<p class=\"read-more\"> <a class=\"ast-button\" href=\"https:\/\/cardenal-newman.edu\/en\/11-de-septiembre-acto-dia-del-maestro\/\"> <span class=\"screen-reader-text\">11 de septiembre &#8211; Acto D\u00eda del Maestro<\/span> Read More \u00bb<\/a><\/p>\n","protected":false},"author":2,"featured_media":1383,"comment_status":"closed","ping_status":"closed","sticky":false,"template":"","format":"standard","meta":{"inline_featured_image":false,"site-sidebar-layout":"default","site-content-layout":"default","ast-global-header-display":"","ast-main-header-display":"","ast-hfb-above-header-display":"","ast-hfb-below-header-display":"","ast-hfb-mobile-header-display":"","site-post-title":"disabled","ast-breadcrumbs-content":"","ast-featured-img":"disabled","footer-sml-layout":"","theme-transparent-header-meta":"default","adv-header-id-meta":"","stick-header-meta":"default","header-above-stick-meta":"","header-main-stick-meta":"","header-below-stick-meta":""},"categories":[2549],"tags":[],"yst_prominent_words":[2046,3057,3106,3105,3054,135,3107,3104,3052,3048,3047,657,3022,3021,3055,3050,3056,3028,3053,3049],"_links":{"self":[{"href":"https:\/\/cardenal-newman.edu\/en\/wp-json\/wp\/v2\/posts\/3850"}],"collection":[{"href":"https:\/\/cardenal-newman.edu\/en\/wp-json\/wp\/v2\/posts"}],"about":[{"href":"https:\/\/cardenal-newman.edu\/en\/wp-json\/wp\/v2\/types\/post"}],"author":[{"embeddable":true,"href":"https:\/\/cardenal-newman.edu\/en\/wp-json\/wp\/v2\/users\/2"}],"replies":[{"embeddable":true,"href":"https:\/\/cardenal-newman.edu\/en\/wp-json\/wp\/v2\/comments?post=3850"}],"version-history":[{"count":57,"href":"https:\/\/cardenal-newman.edu\/en\/wp-json\/wp\/v2\/posts\/3850\/revisions"}],"predecessor-version":[{"id":3930,"href":"https:\/\/cardenal-newman.edu\/en\/wp-json\/wp\/v2\/posts\/3850\/revisions\/3930"}],"wp:featuredmedia":[{"embeddable":true,"href":"https:\/\/cardenal-newman.edu\/en\/wp-json\/wp\/v2\/media\/1383"}],"wp:attachment":[{"href":"https:\/\/cardenal-newman.edu\/en\/wp-json\/wp\/v2\/media?parent=3850"}],"wp:term":[{"taxonomy":"category","embeddable":true,"href":"https:\/\/cardenal-newman.edu\/en\/wp-json\/wp\/v2\/categories?post=3850"},{"taxonomy":"post_tag","embeddable":true,"href":"https:\/\/cardenal-newman.edu\/en\/wp-json\/wp\/v2\/tags?post=3850"},{"taxonomy":"yst_prominent_words","embeddable":true,"href":"https:\/\/cardenal-newman.edu\/en\/wp-json\/wp\/v2\/yst_prominent_words?post=3850"}],"curies":[{"name":"wp","href":"https:\/\/api.w.org\/{rel}","templated":true}]}}