{"id":3947,"date":"2020-09-16T16:07:55","date_gmt":"2020-09-16T19:07:55","guid":{"rendered":"https:\/\/cardenal-newman.edu\/?p=3947"},"modified":"2020-09-27T09:23:19","modified_gmt":"2020-09-27T12:23:19","slug":"brotherpaul","status":"publish","type":"post","link":"https:\/\/cardenal-newman.edu\/en\/brotherpaul\/","title":{"rendered":"Br. Paul: Libro &#8220;Hermano, Amigo y Maestro de Vida&#8221;"},"content":{"rendered":"<section class=\"wpb-content-wrapper\"><p>[vc_row css=&#8221;.vc_custom_1600341117708{background-color: #f7f7f7 !important;}&#8221;][vc_column][vc_column_text]<\/p>\n<h2 style=\"text-align: center;\"><strong>Br. Paul Keohane: &#8220;Hermano Cristiano, Amigo y Maestro de Vida&#8221;<\/strong><\/h2>\n<p>[\/vc_column_text][\/vc_column][\/vc_row][vc_row][vc_column width=&#8221;1\/2&#8243;][vc_single_image image=&#8221;3948&#8243; img_size=&#8221;full&#8221; alignment=&#8221;center&#8221; onclick=&#8221;custom_link&#8221; link=&#8221;https:\/\/fliphtml5.com\/bookcase\/mbbtc&#8221;][\/vc_column][vc_column width=&#8221;1\/2&#8243;][vc_empty_space height=&#8221;100px&#8221; el_class=&#8221;hide-mobile&#8221;][vc_btn title=&#8221;Acceso al Libro con Password&#8221; style=&#8221;custom&#8221; custom_background=&#8221;#306e2a&#8221; custom_text=&#8221;#f7f8f8&#8243; size=&#8221;lg&#8221; align=&#8221;center&#8221; link=&#8221;url:https%3A%2F%2Ffliphtml5.com%2Fbookcase%2Fmbbtc|||&#8221;][vc_column_text]<\/p>\n<h4><strong>Contrase\u00f1a: Por favor escrib\u00ed a <a href=\"mailto:comunicacion@cardenal-newman.edu\">comunicacion@cardenal-newman.edu<\/a>\u00a0y te enviaremos el dato a la brevedad. <\/strong><strong>\u00a1Gracias!<\/strong><\/h4>\n<p>&nbsp;<\/p>\n<h4><\/h4>\n<p>[\/vc_column_text][\/vc_column][\/vc_row][vc_row css=&#8221;.vc_custom_1600341117708{background-color: #f7f7f7 !important;}&#8221;][vc_column][vc_column_text]<\/p>\n<h2 style=\"text-align: center;\"><strong>El recuerdo de Br. Paul a un a\u00f1o de su partida<\/strong><\/h2>\n<p>[\/vc_column_text][\/vc_column][\/vc_row][vc_row css=&#8221;.vc_custom_1600444672033{background-color: #f7f7f7 !important;}&#8221;][vc_column width=&#8221;1\/2&#8243;][vc_single_image image=&#8221;4012&#8243; img_size=&#8221;medium&#8221; alignment=&#8221;center&#8221;][vc_btn title=&#8221;Ingreso a la Misa&#8221; style=&#8221;custom&#8221; custom_background=&#8221;#306e2a&#8221; custom_text=&#8221;#f7f8f8&#8243; align=&#8221;center&#8221; link=&#8221;url:%20https%3A%2F%2Fyoutu.be%2F0aI-9jYy8oU|||&#8221;][vc_single_image image=&#8221;4005&#8243; img_size=&#8221;medium&#8221; alignment=&#8221;center&#8221;][vc_btn title=&#8221;Ingreso Presentaci\u00f3n Libro&#8221; style=&#8221;custom&#8221; custom_background=&#8221;#306e2a&#8221; custom_text=&#8221;#f7f8f8&#8243; align=&#8221;center&#8221; link=&#8221;url:https%3A%2F%2Fyoutu.be%2Fn_BUxnie9Jk|||&#8221;][\/vc_column][vc_column width=&#8221;1\/2&#8243;][vc_empty_space el_class=&#8221;hide-mobile&#8221;][vc_column_text]<\/p>\n<ul>\n<li>\n<h5><strong><em>&#8220;Muchas gracias por todo el amor y el trabajo para celebrar la memoria de nuestro amigo y maestro&#8221;.<\/em><\/strong><\/h5>\n<\/li>\n<li>\n<h5><strong>&#8221; Fue m\u00e1gico encontrar tanta gente de nuestro querido Newman y de distintos pa\u00edses unidos por el amor hacia Br. Paul&#8221;<\/strong><\/h5>\n<\/li>\n<\/ul>\n<p>[\/vc_column_text][vc_empty_space el_class=&#8221;hide-mobile&#8221;][vc_column_text]<\/p>\n<h6>A un a\u00f1o de su partida, nos unimos para recordar juntos a Br. Paul cuyo legado mantendremos siempre vivo. Misa celebrada por el P. Jaime Morea con palabras iniciales de Br. Michael Lynch y primera lectura de Br. Thomas O\u00b4Connell. A continuaci\u00f3n, Francis Lanfranco moder\u00f3 la presentaci\u00f3n del libro con testimonio de Juan Etchart (Camada 97) y muchas voces que se unieron para recordarlo desde distintos pa\u00edses.<\/h6>\n<p>[\/vc_column_text][\/vc_column][\/vc_row][vc_row][vc_column width=&#8221;1\/2&#8243;][vc_empty_space][vc_column_text]<\/p>\n<h3 style=\"text-align: center;\"><strong>50&#8243; Preview del libro con Testimonios de su Legado<\/strong><\/h3>\n<p>[\/vc_column_text][vc_video link=&#8221;https:\/\/youtu.be\/oEcOJTIoFxc&#8221; align=&#8221;center&#8221;][\/vc_column][vc_column width=&#8221;1\/2&#8243;][vc_empty_space][vc_column_text]<\/p>\n<h3 style=\"text-align: center;\"><strong>Br Paul en im\u00e1genes y reflexiones (2\u00b4)<\/strong><\/h3>\n<p>[\/vc_column_text][vc_video link=&#8221;https:\/\/youtu.be\/_Tz27IU0NEQ&#8221; align=&#8221;center&#8221;][\/vc_column][\/vc_row][vc_row css=&#8221;.vc_custom_1600281456387{background-color: #f7f7f7 !important;}&#8221;][vc_column width=&#8221;1\/4&#8243;][vc_single_image image=&#8221;3950&#8243; img_size=&#8221;large&#8221; alignment=&#8221;center&#8221;][\/vc_column][vc_column width=&#8221;3\/4&#8243;][vc_column_text]<\/p>\n<h4><strong>S\u00e1bado 19, a las 14,00, se celebrar\u00e1 una Misa en Callan (Irlanda) en el primer a\u00f1o del fallecimiento de Br. Paul.<\/strong><\/h4>\n<p>[\/vc_column_text][vc_btn title=&#8221;Ingreso a la Misa&#8221; style=&#8221;custom&#8221; custom_background=&#8221;#306e2a&#8221; custom_text=&#8221;#f7f8f8&#8243; align=&#8221;center&#8221; link=&#8221;url:https%3A%2F%2Fchurchmedia.ie%2F|||&#8221;][\/vc_column][\/vc_row][vc_row][vc_column][vc_column_text]<\/p>\n<h2 style=\"text-align: center;\"><strong>\u00bfAlg\u00fan mensaje, comentario o consulta?<\/strong><\/h2>\n<p>[\/vc_column_text][vc_column_text]<\/p>\n<h4 style=\"text-align: center;\"><strong>\u00a0Click en el sobre.\u00a0<\/strong><\/h4>\n<p>[\/vc_column_text][vc_icon icon_fontawesome=&#8221;fas fa-envelope&#8221; color=&#8221;custom&#8221; size=&#8221;xl&#8221; align=&#8221;center&#8221; link=&#8221;url:https%3A%2F%2Fdocs.google.com%2Fforms%2Fd%2F18vt9wiKRkbSILE3wxhqSQ5m67BFTOcYMuhv75qT2Byw%2Fedit%3Fusp%3Dsharing|||&#8221; custom_color=&#8221;#306e2a&#8221;][\/vc_column][\/vc_row][vc_column][\/vc_column]<\/p>\n<\/section>","protected":false},"excerpt":{"rendered":"<p>[vc_row css=&#8221;.vc_custom_1600341117708{background-color: #f7f7f7 !important;}&#8221;][vc_column][vc_column_text] Br. Paul Keohane: &#8220;Hermano Cristiano, Amigo y Maestro de Vida&#8221; [\/vc_column_text][\/vc_column][\/vc_row][vc_row][vc_column width=&#8221;1\/2&#8243;][vc_single_image image=&#8221;3948&#8243; img_size=&#8221;full&#8221; alignment=&#8221;center&#8221; onclick=&#8221;custom_link&#8221; link=&#8221;https:\/\/fliphtml5.com\/bookcase\/mbbtc&#8221;][\/vc_column][vc_column width=&#8221;1\/2&#8243;][vc_empty_space height=&#8221;100px&#8221; el_class=&#8221;hide-mobile&#8221;][vc_btn title=&#8221;Acceso al Libro con Password&#8221; style=&#8221;custom&#8221; custom_background=&#8221;#306e2a&#8221; custom_text=&#8221;#f7f8f8&#8243; size=&#8221;lg&#8221; align=&#8221;center&#8221; link=&#8221;url:https%3A%2F%2Ffliphtml5.com%2Fbookcase%2Fmbbtc|||&#8221;][vc_column_text] Contrase\u00f1a: Por favor escrib\u00ed a comunicacion@cardenal-newman.edu\u00a0y te enviaremos el dato a la brevedad. \u00a1Gracias! &nbsp; [\/vc_column_text][\/vc_column][\/vc_row][vc_row css=&#8221;.vc_custom_1600341117708{background-color: #f7f7f7 !important;}&#8221;][vc_column][vc_column_text] El recuerdo de Br. Paul a &hellip;<\/p>\n<p class=\"read-more\"> <a class=\"ast-button\" href=\"https:\/\/cardenal-newman.edu\/en\/brotherpaul\/\"> <span class=\"screen-reader-text\">Br. Paul: Libro &#8220;Hermano, Amigo y Maestro de Vida&#8221;<\/span> Read More \u00bb<\/a><\/p>\n","protected":false},"author":2,"featured_media":3948,"comment_status":"closed","ping_status":"closed","sticky":false,"template":"","format":"standard","meta":{"inline_featured_image":false,"site-sidebar-layout":"default","site-content-layout":"default","ast-global-header-display":"","ast-main-header-display":"","ast-hfb-above-header-display":"","ast-hfb-below-header-display":"","ast-hfb-mobile-header-display":"","site-post-title":"disabled","ast-breadcrumbs-content":"","ast-featured-img":"disabled","footer-sml-layout":"","theme-transparent-header-meta":"default","adv-header-id-meta":"1182","stick-header-meta":"default","header-above-stick-meta":"","header-main-stick-meta":"","header-below-stick-meta":""},"categories":[8,2549],"tags":[],"yst_prominent_words":[3147,3141,252,2962,3205,3201,248,187,3156,3027,378,3206,51],"_links":{"self":[{"href":"https:\/\/cardenal-newman.edu\/en\/wp-json\/wp\/v2\/posts\/3947"}],"collection":[{"href":"https:\/\/cardenal-newman.edu\/en\/wp-json\/wp\/v2\/posts"}],"about":[{"href":"https:\/\/cardenal-newman.edu\/en\/wp-json\/wp\/v2\/types\/post"}],"author":[{"embeddable":true,"href":"https:\/\/cardenal-newman.edu\/en\/wp-json\/wp\/v2\/users\/2"}],"replies":[{"embeddable":true,"href":"https:\/\/cardenal-newman.edu\/en\/wp-json\/wp\/v2\/comments?post=3947"}],"version-history":[{"count":57,"href":"https:\/\/cardenal-newman.edu\/en\/wp-json\/wp\/v2\/posts\/3947\/revisions"}],"predecessor-version":[{"id":3964,"href":"https:\/\/cardenal-newman.edu\/en\/wp-json\/wp\/v2\/posts\/3947\/revisions\/3964"}],"wp:featuredmedia":[{"embeddable":true,"href":"https:\/\/cardenal-newman.edu\/en\/wp-json\/wp\/v2\/media\/3948"}],"wp:attachment":[{"href":"https:\/\/cardenal-newman.edu\/en\/wp-json\/wp\/v2\/media?parent=3947"}],"wp:term":[{"taxonomy":"category","embeddable":true,"href":"https:\/\/cardenal-newman.edu\/en\/wp-json\/wp\/v2\/categories?post=3947"},{"taxonomy":"post_tag","embeddable":true,"href":"https:\/\/cardenal-newman.edu\/en\/wp-json\/wp\/v2\/tags?post=3947"},{"taxonomy":"yst_prominent_words","embeddable":true,"href":"https:\/\/cardenal-newman.edu\/en\/wp-json\/wp\/v2\/yst_prominent_words?post=3947"}],"curies":[{"name":"wp","href":"https:\/\/api.w.org\/{rel}","templated":true}]}}