{"id":458,"date":"2019-12-18T16:44:52","date_gmt":"2019-12-18T19:44:52","guid":{"rendered":"http:\/\/inmensus.com\/cliente\/newman\/?p=458"},"modified":"2020-03-09T08:03:38","modified_gmt":"2020-03-09T11:03:38","slug":"demo-2","status":"publish","type":"post","link":"https:\/\/cardenal-newman.edu\/en\/demo-2\/","title":{"rendered":"Misi\u00f3n 9 de Julio"},"content":{"rendered":"\n<p>Alumnos y ex alumnos compartieron una experiencia de verdadero encuentro con la comunidad de la localidad de 9 de Julio junto al colegio Santa In\u00e9s. Visitaron familias, organizaron actividades para los ni\u00f1os y participaron en celebraciones. Tambi\u00e9n fueron recibidos por Mamerto Menapace en el Monasterio de Los Toldos. \u00bfEl tema? &#8221; La Vocaci\u00f3n&#8221;. Algunas reflexiones: transitar el camino paso a paso, tratar de esquivar la angustia de la decisi\u00f3n y la ansiedad por la meta final. \u00bfAcaso las luces de un auto no iluminan cada 100 metros? Y mientras tanto, concentrarse en hacer las cosas bien, apegarse a los valores y ser fieles a Dios. Una forma muy especial de iniciar el a\u00f1o.<\/p>\n\n\n\n<figure class=\"wp-container-2 wp-block-gallery-1 wp-block-gallery columns-3 is-cropped\"><ul class=\"blocks-gallery-grid\"><li class=\"blocks-gallery-item\"><figure><img loading=\"lazy\" width=\"1024\" height=\"768\" src=\"https:\/\/cardenal-newman.edu\/media\/Misio\u0301n-9-de-Julio-4-1024x768.jpg\" alt=\"\" data-id=\"1286\" data-full-url=\"https:\/\/cardenal-newman.edu\/media\/Misio\u0301n-9-de-Julio-4.jpg\" data-link=\"https:\/\/cardenal-newman.edu\/demo-2\/mision-9-de-julio-4\/\" class=\"wp-image-1286\" srcset=\"https:\/\/cardenal-newman.edu\/media\/Misio\u0301n-9-de-Julio-4-1024x768.jpg 1024w, https:\/\/cardenal-newman.edu\/media\/Misio\u0301n-9-de-Julio-4-600x450.jpg 600w, https:\/\/cardenal-newman.edu\/media\/Misio\u0301n-9-de-Julio-4-300x225.jpg 300w, https:\/\/cardenal-newman.edu\/media\/Misio\u0301n-9-de-Julio-4-768x576.jpg 768w, https:\/\/cardenal-newman.edu\/media\/Misio\u0301n-9-de-Julio-4.jpg 1280w\" sizes=\"(max-width: 1024px) 100vw, 1024px\" \/><\/figure><\/li><li class=\"blocks-gallery-item\"><figure><img loading=\"lazy\" width=\"1024\" height=\"768\" src=\"https:\/\/cardenal-newman.edu\/media\/Misio\u0301n-9-de-Julio-3-1024x768.jpg\" alt=\"\" data-id=\"1287\" data-full-url=\"https:\/\/cardenal-newman.edu\/media\/Misio\u0301n-9-de-Julio-3.jpg\" data-link=\"https:\/\/cardenal-newman.edu\/demo-2\/mision-9-de-julio-3\/\" class=\"wp-image-1287\" srcset=\"https:\/\/cardenal-newman.edu\/media\/Misio\u0301n-9-de-Julio-3-1024x768.jpg 1024w, https:\/\/cardenal-newman.edu\/media\/Misio\u0301n-9-de-Julio-3-600x450.jpg 600w, https:\/\/cardenal-newman.edu\/media\/Misio\u0301n-9-de-Julio-3-300x225.jpg 300w, https:\/\/cardenal-newman.edu\/media\/Misio\u0301n-9-de-Julio-3-768x576.jpg 768w, https:\/\/cardenal-newman.edu\/media\/Misio\u0301n-9-de-Julio-3.jpg 1280w\" sizes=\"(max-width: 1024px) 100vw, 1024px\" \/><\/figure><\/li><li class=\"blocks-gallery-item\"><figure><img loading=\"lazy\" width=\"1024\" height=\"768\" src=\"https:\/\/cardenal-newman.edu\/media\/Misio\u0301n-9-de-Julio-2-1024x768.jpg\" alt=\"\" data-id=\"1288\" data-full-url=\"https:\/\/cardenal-newman.edu\/media\/Misio\u0301n-9-de-Julio-2.jpg\" data-link=\"https:\/\/cardenal-newman.edu\/demo-2\/mision-9-de-julio-2\/\" class=\"wp-image-1288\" srcset=\"https:\/\/cardenal-newman.edu\/media\/Misio\u0301n-9-de-Julio-2-1024x768.jpg 1024w, https:\/\/cardenal-newman.edu\/media\/Misio\u0301n-9-de-Julio-2-600x450.jpg 600w, https:\/\/cardenal-newman.edu\/media\/Misio\u0301n-9-de-Julio-2-300x225.jpg 300w, https:\/\/cardenal-newman.edu\/media\/Misio\u0301n-9-de-Julio-2-768x576.jpg 768w, https:\/\/cardenal-newman.edu\/media\/Misio\u0301n-9-de-Julio-2.jpg 1280w\" sizes=\"(max-width: 1024px) 100vw, 1024px\" \/><\/figure><\/li><li class=\"blocks-gallery-item\"><figure><img loading=\"lazy\" width=\"1024\" height=\"576\" src=\"https:\/\/cardenal-newman.edu\/media\/Misio\u0301n-9-de-Julio--1024x576.jpg\" alt=\"\" data-id=\"1289\" data-full-url=\"https:\/\/cardenal-newman.edu\/media\/Misio\u0301n-9-de-Julio-.jpg\" data-link=\"https:\/\/cardenal-newman.edu\/demo-2\/mision-9-de-julio\/\" class=\"wp-image-1289\" srcset=\"https:\/\/cardenal-newman.edu\/media\/Misio\u0301n-9-de-Julio--1024x576.jpg 1024w, https:\/\/cardenal-newman.edu\/media\/Misio\u0301n-9-de-Julio--600x338.jpg 600w, https:\/\/cardenal-newman.edu\/media\/Misio\u0301n-9-de-Julio--300x169.jpg 300w, https:\/\/cardenal-newman.edu\/media\/Misio\u0301n-9-de-Julio--768x432.jpg 768w, https:\/\/cardenal-newman.edu\/media\/Misio\u0301n-9-de-Julio-.jpg 1280w\" sizes=\"(max-width: 1024px) 100vw, 1024px\" \/><\/figure><\/li><\/ul><\/figure>\n\n\n\n<blockquote class=\"wp-block-quote\"><p>Gracias por la visita a nuestra ciudad. Gracias por entregar tanta alegr\u00eda con la Gracias de Dios. \u00a1Hasta la pr\u00f3xima! Los esperamos con el coraz\u00f3n abierto&#8221;.<\/p><cite>@gabriel.riccardo006<\/cite><\/blockquote>\n\n\n\n<p><\/p>\n","protected":false},"excerpt":{"rendered":"<p>Alumnos y ex alumnos compartieron una experiencia de verdadero encuentro con la comunidad de la localidad de 9 de Julio junto al colegio Santa In\u00e9s. Visitaron familias, organizaron actividades para los ni\u00f1os y participaron en celebraciones. Tambi\u00e9n fueron recibidos por Mamerto Menapace en el Monasterio de Los Toldos. \u00bfEl tema? &#8221; La Vocaci\u00f3n&#8221;. Algunas reflexiones: transitar el camino paso a &hellip;<\/p>\n<p class=\"read-more\"> <a class=\"ast-button\" href=\"https:\/\/cardenal-newman.edu\/en\/demo-2\/\"> <span class=\"screen-reader-text\">Misi\u00f3n 9 de Julio<\/span> Read More \u00bb<\/a><\/p>\n","protected":false},"author":1,"featured_media":1286,"comment_status":"open","ping_status":"open","sticky":false,"template":"","format":"standard","meta":{"inline_featured_image":false,"site-sidebar-layout":"default","site-content-layout":"default","ast-global-header-display":"","ast-main-header-display":"","ast-hfb-above-header-display":"","ast-hfb-below-header-display":"","ast-hfb-mobile-header-display":"","site-post-title":"","ast-breadcrumbs-content":"","ast-featured-img":"","footer-sml-layout":"","theme-transparent-header-meta":"default","adv-header-id-meta":"","stick-header-meta":"default","header-above-stick-meta":"","header-main-stick-meta":"","header-below-stick-meta":""},"categories":[1],"tags":[],"yst_prominent_words":[25,248],"_links":{"self":[{"href":"https:\/\/cardenal-newman.edu\/en\/wp-json\/wp\/v2\/posts\/458"}],"collection":[{"href":"https:\/\/cardenal-newman.edu\/en\/wp-json\/wp\/v2\/posts"}],"about":[{"href":"https:\/\/cardenal-newman.edu\/en\/wp-json\/wp\/v2\/types\/post"}],"author":[{"embeddable":true,"href":"https:\/\/cardenal-newman.edu\/en\/wp-json\/wp\/v2\/users\/1"}],"replies":[{"embeddable":true,"href":"https:\/\/cardenal-newman.edu\/en\/wp-json\/wp\/v2\/comments?post=458"}],"version-history":[{"count":2,"href":"https:\/\/cardenal-newman.edu\/en\/wp-json\/wp\/v2\/posts\/458\/revisions"}],"predecessor-version":[{"id":1700,"href":"https:\/\/cardenal-newman.edu\/en\/wp-json\/wp\/v2\/posts\/458\/revisions\/1700"}],"wp:featuredmedia":[{"embeddable":true,"href":"https:\/\/cardenal-newman.edu\/en\/wp-json\/wp\/v2\/media\/1286"}],"wp:attachment":[{"href":"https:\/\/cardenal-newman.edu\/en\/wp-json\/wp\/v2\/media?parent=458"}],"wp:term":[{"taxonomy":"category","embeddable":true,"href":"https:\/\/cardenal-newman.edu\/en\/wp-json\/wp\/v2\/categories?post=458"},{"taxonomy":"post_tag","embeddable":true,"href":"https:\/\/cardenal-newman.edu\/en\/wp-json\/wp\/v2\/tags?post=458"},{"taxonomy":"yst_prominent_words","embeddable":true,"href":"https:\/\/cardenal-newman.edu\/en\/wp-json\/wp\/v2\/yst_prominent_words?post=458"}],"curies":[{"name":"wp","href":"https:\/\/api.w.org\/{rel}","templated":true}]}}