{"id":4628,"date":"2020-12-09T22:48:26","date_gmt":"2020-12-10T01:48:26","guid":{"rendered":"https:\/\/cardenal-newman.edu\/?p=4628"},"modified":"2020-12-09T23:07:08","modified_gmt":"2020-12-10T02:07:08","slug":"charla-elegir-bien-santiago-kovadloff","status":"publish","type":"post","link":"https:\/\/cardenal-newman.edu\/en\/charla-elegir-bien-santiago-kovadloff\/","title":{"rendered":"Video Charla Elegir Bien: Santiago Kovadloff"},"content":{"rendered":"<section class=\"wpb-content-wrapper\"><p>[vc_row][vc_column][vc_column_text]<\/p>\n<h4 style=\"text-align: center;\">Un orador excepcional para el cierre del ciclo de charlas Elegir Bien 2020. Santiago Kovadloff, fil\u00f3sofo y ensayista. Una exposici\u00f3n exquisita con conceptos para reflexionar y analizar con esperanza en estos tiempos de incertidumbre.<\/h4>\n<p>[\/vc_column_text][\/vc_column][\/vc_row][vc_row][vc_column width=&#8221;1\/2&#8243;][vc_empty_space][vc_single_image image=&#8221;4629&#8243; img_size=&#8221;medium&#8221; alignment=&#8221;center&#8221;][\/vc_column][vc_column width=&#8221;1\/2&#8243;][vc_column_text]<\/p>\n<h4 style=\"text-align: center;\"><strong>Video de la Charla<\/strong><\/h4>\n<p>[\/vc_column_text][vc_video link=&#8221;https:\/\/www.youtube.com\/watch?v=R42mKECwCfI&amp;feature=youtu.be&#8221;][\/vc_column][\/vc_row][vc_row][vc_column][vc_column_text]<\/p>\n<h5 style=\"text-align: center;\"><strong>Algunas definiciones de Santiago Kovadloff\u00a0<\/strong><\/h5>\n<p>[\/vc_column_text][vc_column_text]<\/p>\n<ul>\n<li>&#8220;La naturaleza ha reaccionado y ha dicho: \u201cUstedes podr\u00e1n seguir siendo mis hu\u00e9spedes si aprenden a tratarme de otro modo; si pueden ser m\u00e1s que depredadores\u201d. El medio ambiente es ahora el que fija un tiempo para un cambio de conducta de parte del hombre para seguir cohabitando&#8221;.<\/li>\n<li>&#8220;Necesitamos una globalizaci\u00f3n que genere equidad social, interdependencia solidaria y no la imposici\u00f3n de un modelo de aquellos pa\u00edses que tienen mayor capacidad de conducci\u00f3n&#8221;.<\/li>\n<li>&#8220;Para poder discernir la complejidad de lo real hay que entender algo b\u00e1sico: el mejor conocimiento es el que se maneja autocritico sobre su propio alcance&#8221;.<\/li>\n<li>&#8220;\u00bfPor qu\u00e9 cae el hombre hacia el servilismo de lo tecnol\u00f3gico? Cuando esta fuera de ese espacio, le cuesta el di\u00e1logo, el encuentro consigo mismo y el pr\u00f3jimo. Este empobrecimiento debe ser combatido por la educaci\u00f3n. Rescatar la intimidad, \u00a0esa dimensi\u00f3n de la subjetividad en la que mi libertad, \u00a0mi esp\u00edritu critico ponen en juego interrogantes y valores que permiten hacer de mi existencia una tarea&#8221;.<\/li>\n<li>&#8220;El hombre debe poner empe\u00f1o en Ser. El papel fundamental de la educaci\u00f3n es generar humanismo. En la tarea de construirse incesantemente para ser m\u00e1s humano, que no es un atributo natural, debe ser conquistado un d\u00eda tras otro.<\/li>\n<li>&#8220;Yo\u00a0 no soy optimista, soy un hombre esperanzado. El optimismo es un facilismo, creer que las cosas van a andar bien. Mejor es ser esperanzado porque es la conciencia de la mejor\u00eda\u00a0 a trav\u00e9s del esfuerzo y el empe\u00f1o. Ve matices auspoiciosos en una realidad oscura para seguir trabajando&#8221;.<\/li>\n<\/ul>\n<p>[\/vc_column_text][\/vc_column][\/vc_row]<\/p>\n<\/section>","protected":false},"excerpt":{"rendered":"<p>[vc_row][vc_column][vc_column_text] Un orador excepcional para el cierre del ciclo de charlas Elegir Bien 2020. Santiago Kovadloff, fil\u00f3sofo y ensayista. Una exposici\u00f3n exquisita con conceptos para reflexionar y analizar con esperanza en estos tiempos de incertidumbre. [\/vc_column_text][\/vc_column][\/vc_row][vc_row][vc_column width=&#8221;1\/2&#8243;][vc_empty_space][vc_single_image image=&#8221;4629&#8243; img_size=&#8221;medium&#8221; alignment=&#8221;center&#8221;][\/vc_column][vc_column width=&#8221;1\/2&#8243;][vc_column_text] Video de la Charla [\/vc_column_text][vc_video link=&#8221;https:\/\/www.youtube.com\/watch?v=R42mKECwCfI&amp;feature=youtu.be&#8221;][\/vc_column][\/vc_row][vc_row][vc_column][vc_column_text] Algunas definiciones de Santiago Kovadloff\u00a0 [\/vc_column_text][vc_column_text] &#8220;La naturaleza ha reaccionado y ha dicho: &hellip;<\/p>\n<p class=\"read-more\"> <a class=\"ast-button\" href=\"https:\/\/cardenal-newman.edu\/en\/charla-elegir-bien-santiago-kovadloff\/\"> <span class=\"screen-reader-text\">Video Charla Elegir Bien: Santiago Kovadloff<\/span> Read More \u00bb<\/a><\/p>\n","protected":false},"author":2,"featured_media":4632,"comment_status":"closed","ping_status":"closed","sticky":false,"template":"","format":"standard","meta":{"inline_featured_image":false,"site-sidebar-layout":"default","site-content-layout":"default","ast-global-header-display":"","ast-main-header-display":"","ast-hfb-above-header-display":"","ast-hfb-below-header-display":"","ast-hfb-mobile-header-display":"","site-post-title":"","ast-breadcrumbs-content":"","ast-featured-img":"","footer-sml-layout":"","theme-transparent-header-meta":"default","adv-header-id-meta":"","stick-header-meta":"default","header-above-stick-meta":"","header-main-stick-meta":"","header-below-stick-meta":""},"categories":[2549],"tags":[],"yst_prominent_words":[122,3670,3671,3025,3673,1047,1417,3672,3669],"_links":{"self":[{"href":"https:\/\/cardenal-newman.edu\/en\/wp-json\/wp\/v2\/posts\/4628"}],"collection":[{"href":"https:\/\/cardenal-newman.edu\/en\/wp-json\/wp\/v2\/posts"}],"about":[{"href":"https:\/\/cardenal-newman.edu\/en\/wp-json\/wp\/v2\/types\/post"}],"author":[{"embeddable":true,"href":"https:\/\/cardenal-newman.edu\/en\/wp-json\/wp\/v2\/users\/2"}],"replies":[{"embeddable":true,"href":"https:\/\/cardenal-newman.edu\/en\/wp-json\/wp\/v2\/comments?post=4628"}],"version-history":[{"count":9,"href":"https:\/\/cardenal-newman.edu\/en\/wp-json\/wp\/v2\/posts\/4628\/revisions"}],"predecessor-version":[{"id":4641,"href":"https:\/\/cardenal-newman.edu\/en\/wp-json\/wp\/v2\/posts\/4628\/revisions\/4641"}],"wp:featuredmedia":[{"embeddable":true,"href":"https:\/\/cardenal-newman.edu\/en\/wp-json\/wp\/v2\/media\/4632"}],"wp:attachment":[{"href":"https:\/\/cardenal-newman.edu\/en\/wp-json\/wp\/v2\/media?parent=4628"}],"wp:term":[{"taxonomy":"category","embeddable":true,"href":"https:\/\/cardenal-newman.edu\/en\/wp-json\/wp\/v2\/categories?post=4628"},{"taxonomy":"post_tag","embeddable":true,"href":"https:\/\/cardenal-newman.edu\/en\/wp-json\/wp\/v2\/tags?post=4628"},{"taxonomy":"yst_prominent_words","embeddable":true,"href":"https:\/\/cardenal-newman.edu\/en\/wp-json\/wp\/v2\/yst_prominent_words?post=4628"}],"curies":[{"name":"wp","href":"https:\/\/api.w.org\/{rel}","templated":true}]}}