{"id":4904,"date":"2021-03-07T11:14:48","date_gmt":"2021-03-07T14:14:48","guid":{"rendered":"https:\/\/cardenal-newman.edu\/?p=4904"},"modified":"2021-03-10T12:23:20","modified_gmt":"2021-03-10T15:23:20","slug":"camada-93-x-casita-nino-amanecer","status":"publish","type":"post","link":"https:\/\/cardenal-newman.edu\/en\/camada-93-x-casita-nino-amanecer\/","title":{"rendered":"Camada 93 x Casita Ni\u00f1o Amanecer"},"content":{"rendered":"\n<p>Unir manos y corazones para hacer una vuelta a clases m\u00e1s linda para los que m\u00e1s necesitan. <em>El s\u00e1bado 27 de febrero, ex alumnos de la camada \u201993 y sus hijos trabajaron junto a docentes y padres de \u201cLa Casita del Ni\u00f1o Amanecer\u201d en el barrio Ricardo Rojas. Hicieron arreglos, cortaron el pasto, barrieron, separaron una donaci\u00f3n de verduras en bolsas para entregar y compartieron un asado para finalizar entre todos.<\/em> \u00a1Muchas gracias en nombre de SER (Solidaridad Edmundo Rice).<\/p>\n\n\n\n<figure class=\"wp-container-2 wp-block-gallery-1 wp-block-gallery columns-1 is-cropped\"><ul class=\"blocks-gallery-grid\"><li class=\"blocks-gallery-item\"><figure><img loading=\"lazy\" width=\"1024\" height=\"991\" src=\"https:\/\/cardenal-newman.edu\/media\/CAMADA-93-2-1024x991.jpg\" alt=\"\" data-id=\"4905\" data-full-url=\"https:\/\/cardenal-newman.edu\/media\/CAMADA-93-2.jpg\" data-link=\"https:\/\/cardenal-newman.edu\/?attachment_id=4905\" class=\"wp-image-4905\" srcset=\"https:\/\/cardenal-newman.edu\/media\/CAMADA-93-2-1024x991.jpg 1024w, https:\/\/cardenal-newman.edu\/media\/CAMADA-93-2-600x581.jpg 600w, https:\/\/cardenal-newman.edu\/media\/CAMADA-93-2-300x290.jpg 300w, https:\/\/cardenal-newman.edu\/media\/CAMADA-93-2-768x743.jpg 768w, https:\/\/cardenal-newman.edu\/media\/CAMADA-93-2-32x32.jpg 32w, https:\/\/cardenal-newman.edu\/media\/CAMADA-93-2-186x180.jpg 186w, https:\/\/cardenal-newman.edu\/media\/CAMADA-93-2.jpg 1375w\" sizes=\"(max-width: 1024px) 100vw, 1024px\" \/><\/figure><\/li><\/ul><\/figure>\n","protected":false},"excerpt":{"rendered":"<p>Unir manos y corazones para hacer una vuelta a clases m\u00e1s linda para los que m\u00e1s necesitan. El s\u00e1bado 27 de febrero, ex alumnos de la camada \u201993 y sus hijos trabajaron junto a docentes y padres de \u201cLa Casita del Ni\u00f1o Amanecer\u201d en el barrio Ricardo Rojas. Hicieron arreglos, cortaron el pasto, barrieron, separaron una donaci\u00f3n de verduras en &hellip;<\/p>\n<p class=\"read-more\"> <a class=\"ast-button\" href=\"https:\/\/cardenal-newman.edu\/en\/camada-93-x-casita-nino-amanecer\/\"> <span class=\"screen-reader-text\">Camada 93 x Casita Ni\u00f1o Amanecer<\/span> Read More \u00bb<\/a><\/p>\n","protected":false},"author":2,"featured_media":4905,"comment_status":"closed","ping_status":"closed","sticky":false,"template":"","format":"standard","meta":{"inline_featured_image":false,"site-sidebar-layout":"default","site-content-layout":"default","ast-global-header-display":"","ast-main-header-display":"","ast-hfb-above-header-display":"","ast-hfb-below-header-display":"","ast-hfb-mobile-header-display":"","site-post-title":"","ast-breadcrumbs-content":"","ast-featured-img":"","footer-sml-layout":"","theme-transparent-header-meta":"default","adv-header-id-meta":"","stick-header-meta":"default","header-above-stick-meta":"","header-main-stick-meta":"","header-below-stick-meta":""},"categories":[2549],"tags":[],"yst_prominent_words":[],"_links":{"self":[{"href":"https:\/\/cardenal-newman.edu\/en\/wp-json\/wp\/v2\/posts\/4904"}],"collection":[{"href":"https:\/\/cardenal-newman.edu\/en\/wp-json\/wp\/v2\/posts"}],"about":[{"href":"https:\/\/cardenal-newman.edu\/en\/wp-json\/wp\/v2\/types\/post"}],"author":[{"embeddable":true,"href":"https:\/\/cardenal-newman.edu\/en\/wp-json\/wp\/v2\/users\/2"}],"replies":[{"embeddable":true,"href":"https:\/\/cardenal-newman.edu\/en\/wp-json\/wp\/v2\/comments?post=4904"}],"version-history":[{"count":1,"href":"https:\/\/cardenal-newman.edu\/en\/wp-json\/wp\/v2\/posts\/4904\/revisions"}],"predecessor-version":[{"id":4907,"href":"https:\/\/cardenal-newman.edu\/en\/wp-json\/wp\/v2\/posts\/4904\/revisions\/4907"}],"wp:featuredmedia":[{"embeddable":true,"href":"https:\/\/cardenal-newman.edu\/en\/wp-json\/wp\/v2\/media\/4905"}],"wp:attachment":[{"href":"https:\/\/cardenal-newman.edu\/en\/wp-json\/wp\/v2\/media?parent=4904"}],"wp:term":[{"taxonomy":"category","embeddable":true,"href":"https:\/\/cardenal-newman.edu\/en\/wp-json\/wp\/v2\/categories?post=4904"},{"taxonomy":"post_tag","embeddable":true,"href":"https:\/\/cardenal-newman.edu\/en\/wp-json\/wp\/v2\/tags?post=4904"},{"taxonomy":"yst_prominent_words","embeddable":true,"href":"https:\/\/cardenal-newman.edu\/en\/wp-json\/wp\/v2\/yst_prominent_words?post=4904"}],"curies":[{"name":"wp","href":"https:\/\/api.w.org\/{rel}","templated":true}]}}