{"id":4941,"date":"2021-03-18T14:17:13","date_gmt":"2021-03-18T17:17:13","guid":{"rendered":"https:\/\/cardenal-newman.edu\/?p=4941"},"modified":"2021-03-18T14:27:16","modified_gmt":"2021-03-18T17:27:16","slug":"charla-dra-lambert-dudas-preguntas-sobre-covid-19","status":"publish","type":"post","link":"https:\/\/cardenal-newman.edu\/en\/charla-dra-lambert-dudas-preguntas-sobre-covid-19\/","title":{"rendered":"Charla Dra. Lambert &#8220;Dudas &#038; Preguntas sobre Covid&#8221;"},"content":{"rendered":"\n<blockquote class=\"wp-block-quote\"><p><em>&#8221; Gracias por todo el esfuerzo y por esta oportunidad de escuchar, aprender y preguntar&#8221; Victoria.&nbsp;<br><\/em><em>&#8221; Gracias por permitirnos seguir aprendiendo d\u00eda a d\u00eda con los cambios que van surgiendo&#8221; Sof\u00eda.<\/em><\/p><\/blockquote>\n\n\n\n<div class=\"wp-container-4 wp-block-columns\">\n<div class=\"wp-container-1 wp-block-column\" style=\"flex-basis:66.66%\">\n<div class=\"wp-block-image\"><figure class=\"aligncenter size-large\"><img loading=\"lazy\" width=\"1024\" height=\"736\" src=\"https:\/\/cardenal-newman.edu\/media\/Sandra16marzo-1024x736.jpg\" alt=\"\" class=\"wp-image-4944\" srcset=\"https:\/\/cardenal-newman.edu\/media\/Sandra16marzo-1024x736.jpg 1024w, https:\/\/cardenal-newman.edu\/media\/Sandra16marzo-scaled-600x431.jpg 600w, https:\/\/cardenal-newman.edu\/media\/Sandra16marzo-300x216.jpg 300w, https:\/\/cardenal-newman.edu\/media\/Sandra16marzo-768x552.jpg 768w, https:\/\/cardenal-newman.edu\/media\/Sandra16marzo-1536x1104.jpg 1536w, https:\/\/cardenal-newman.edu\/media\/Sandra16marzo-scaled.jpg 2048w, https:\/\/cardenal-newman.edu\/media\/Sandra16marzo-240x173.jpg 240w\" sizes=\"(max-width: 1024px) 100vw, 1024px\" \/><\/figure><\/div>\n<\/div>\n\n\n\n<div class=\"wp-container-3 wp-block-column\" style=\"flex-basis:33.33%\">\n<div class=\"wp-container-2 wp-block-buttons\">\n<div class=\"wp-block-button\"><a class=\"wp-block-button__link\" href=\"https:\/\/youtu.be\/BkNq8essEbw\">Video Aqui<\/a><\/div>\n<\/div>\n<\/div>\n<\/div>\n\n\n\n<p>Compartimos el video del encuentro con la Dra Lambert, Jefe de Infectolog\u00eda del Htal Florencio Varela que nos asesora en nuestro d\u00eda a d\u00eda.&nbsp;<\/p>\n\n\n\n<p>\u00bfTemas?&nbsp;Medidas de prevenci\u00f3n, modos de transmisi\u00f3n, acciones ante casos sospechosos y novedades sobre las vacunas. Tambi\u00e9n la relevancia de cambiar nuestros h\u00e1bitos de manera permanente,&nbsp; transmitir paciencia a nuestros hijos y la responsabilidad individual como valor.&nbsp; Adem\u00e1s, las respuestas a muchas preguntas e inquietudes de las familias.<\/p>\n","protected":false},"excerpt":{"rendered":"<p>&#8221; Gracias por todo el esfuerzo y por esta oportunidad de escuchar, aprender y preguntar&#8221; Victoria.&nbsp;&#8221; Gracias por permitirnos seguir aprendiendo d\u00eda a d\u00eda con los cambios que van surgiendo&#8221; Sof\u00eda. Compartimos el video del encuentro con la Dra Lambert, Jefe de Infectolog\u00eda del Htal Florencio Varela que nos asesora en nuestro d\u00eda a d\u00eda.&nbsp; \u00bfTemas?&nbsp;Medidas de prevenci\u00f3n, modos de &hellip;<\/p>\n<p class=\"read-more\"> <a class=\"ast-button\" href=\"https:\/\/cardenal-newman.edu\/en\/charla-dra-lambert-dudas-preguntas-sobre-covid-19\/\"> <span class=\"screen-reader-text\">Charla Dra. Lambert &#8220;Dudas &#038; Preguntas sobre Covid&#8221;<\/span> Read More \u00bb<\/a><\/p>\n","protected":false},"author":2,"featured_media":4944,"comment_status":"closed","ping_status":"closed","sticky":false,"template":"","format":"standard","meta":{"inline_featured_image":false,"site-sidebar-layout":"default","site-content-layout":"default","ast-global-header-display":"","ast-main-header-display":"","ast-hfb-above-header-display":"","ast-hfb-below-header-display":"","ast-hfb-mobile-header-display":"","site-post-title":"","ast-breadcrumbs-content":"","ast-featured-img":"","footer-sml-layout":"","theme-transparent-header-meta":"default","adv-header-id-meta":"","stick-header-meta":"default","header-above-stick-meta":"","header-main-stick-meta":"","header-below-stick-meta":""},"categories":[2549],"tags":[],"yst_prominent_words":[248,555],"_links":{"self":[{"href":"https:\/\/cardenal-newman.edu\/en\/wp-json\/wp\/v2\/posts\/4941"}],"collection":[{"href":"https:\/\/cardenal-newman.edu\/en\/wp-json\/wp\/v2\/posts"}],"about":[{"href":"https:\/\/cardenal-newman.edu\/en\/wp-json\/wp\/v2\/types\/post"}],"author":[{"embeddable":true,"href":"https:\/\/cardenal-newman.edu\/en\/wp-json\/wp\/v2\/users\/2"}],"replies":[{"embeddable":true,"href":"https:\/\/cardenal-newman.edu\/en\/wp-json\/wp\/v2\/comments?post=4941"}],"version-history":[{"count":3,"href":"https:\/\/cardenal-newman.edu\/en\/wp-json\/wp\/v2\/posts\/4941\/revisions"}],"predecessor-version":[{"id":4950,"href":"https:\/\/cardenal-newman.edu\/en\/wp-json\/wp\/v2\/posts\/4941\/revisions\/4950"}],"wp:featuredmedia":[{"embeddable":true,"href":"https:\/\/cardenal-newman.edu\/en\/wp-json\/wp\/v2\/media\/4944"}],"wp:attachment":[{"href":"https:\/\/cardenal-newman.edu\/en\/wp-json\/wp\/v2\/media?parent=4941"}],"wp:term":[{"taxonomy":"category","embeddable":true,"href":"https:\/\/cardenal-newman.edu\/en\/wp-json\/wp\/v2\/categories?post=4941"},{"taxonomy":"post_tag","embeddable":true,"href":"https:\/\/cardenal-newman.edu\/en\/wp-json\/wp\/v2\/tags?post=4941"},{"taxonomy":"yst_prominent_words","embeddable":true,"href":"https:\/\/cardenal-newman.edu\/en\/wp-json\/wp\/v2\/yst_prominent_words?post=4941"}],"curies":[{"name":"wp","href":"https:\/\/api.w.org\/{rel}","templated":true}]}}