{"id":4995,"date":"2021-04-06T12:28:57","date_gmt":"2021-04-06T15:28:57","guid":{"rendered":"https:\/\/cardenal-newman.edu\/?p=4995"},"modified":"2021-04-06T12:29:58","modified_gmt":"2021-04-06T15:29:58","slug":"homenaje-a-los-veteranos-y-caidos-de-malvinas","status":"publish","type":"post","link":"https:\/\/cardenal-newman.edu\/en\/homenaje-a-los-veteranos-y-caidos-de-malvinas\/","title":{"rendered":"Homenaje a los Veteranos y Ca\u00eddos de Malvinas"},"content":{"rendered":"\n<p>Santiago Pasman (camada\u00b479) ten\u00eda 19 a\u00f1os cuando fue convocado a Puerto Argentino. Puso pausa a su Carrera de Administraci\u00f3n de Empresas para sumarse a la &#8220;Compa\u00f1ia de Comunicaciones Macenizada Nro. X&#8221;. Supo pasar fr\u00edo y hambre. &#8220;Valor\u00e9 mucho lo que ten\u00eda lejos en casa y rezar el Rosario todos los d\u00edas con un grupo me dio mucha paz&#8221;. M\u00e1s de un a\u00f1o despu\u00e9s, se embarc\u00f3 en el Irizar con el fin de la guerra. Su regreso fue distinto al de tantos: &#8220;pude dar vuelta la p\u00e1gina con la contenci\u00f3n de mi familia y con lo que me dio Newman: mis amigos y el rugby&#8221;. D\u00e9cadas m\u00e1s tarde, Santiago viaj\u00f3 con ex- compa\u00f1eros y, en el cementerio de Darwin, volvieron a rezar juntos el Rosario. Honramos a todos los los veteranos y ca\u00eddos agradeci\u00e9ndoles su patriotismo para defender nuestras Islas Malvinas. <\/p>\n\n\n\n<div class=\"wp-container-3 wp-block-columns\">\n<div class=\"wp-container-1 wp-block-column\">\n<div class=\"wp-block-image\"><figure class=\"aligncenter size-large is-resized\"><img loading=\"lazy\" src=\"https:\/\/cardenal-newman.edu\/media\/e547b154-ac9f-4394-9c9e-179b8e119b5b-987x1024.jpg\" alt=\"\" class=\"wp-image-4997\" width=\"279\" height=\"289\" srcset=\"https:\/\/cardenal-newman.edu\/media\/e547b154-ac9f-4394-9c9e-179b8e119b5b-987x1024.jpg 987w, https:\/\/cardenal-newman.edu\/media\/e547b154-ac9f-4394-9c9e-179b8e119b5b-600x623.jpg 600w, https:\/\/cardenal-newman.edu\/media\/e547b154-ac9f-4394-9c9e-179b8e119b5b-289x300.jpg 289w, https:\/\/cardenal-newman.edu\/media\/e547b154-ac9f-4394-9c9e-179b8e119b5b-768x797.jpg 768w, https:\/\/cardenal-newman.edu\/media\/e547b154-ac9f-4394-9c9e-179b8e119b5b-32x32.jpg 32w, https:\/\/cardenal-newman.edu\/media\/e547b154-ac9f-4394-9c9e-179b8e119b5b-173x180.jpg 173w, https:\/\/cardenal-newman.edu\/media\/e547b154-ac9f-4394-9c9e-179b8e119b5b.jpg 1200w\" sizes=\"(max-width: 279px) 100vw, 279px\" \/><\/figure><\/div>\n<\/div>\n\n\n\n<div class=\"wp-container-2 wp-block-column\">\n<div class=\"wp-block-image\"><figure class=\"aligncenter size-large is-resized\"><img loading=\"lazy\" src=\"https:\/\/cardenal-newman.edu\/media\/IMG-9292.jpg\" alt=\"\" class=\"wp-image-4999\" width=\"251\" height=\"288\" srcset=\"https:\/\/cardenal-newman.edu\/media\/IMG-9292.jpg 827w, https:\/\/cardenal-newman.edu\/media\/IMG-9292-600x691.jpg 600w, https:\/\/cardenal-newman.edu\/media\/IMG-9292-261x300.jpg 261w, https:\/\/cardenal-newman.edu\/media\/IMG-9292-768x884.jpg 768w, https:\/\/cardenal-newman.edu\/media\/IMG-9292-156x180.jpg 156w\" sizes=\"(max-width: 251px) 100vw, 251px\" \/><\/figure><\/div>\n<\/div>\n<\/div>\n\n\n\n<h2>Acto por las Malvinas: d\u00eda de recuerdo, memoria y reflexi\u00f3n<\/h2>\n\n\n\n<p>En el marco de la conmemoraci\u00f3n recibimos el honor de la visita de Alberto Eduardo Gonzalez, veterano de Malvinas, quien se desempe\u00f1o activamente  en el denominado Teatro de Operaciones del Atl\u00e1ntico Sur (TOAS). &#8220;Yo era militar de carrera pero muchos de los que fueron fueron los que llamamos &#8220;chicos de la guerra&#8221; sin experiencia, medios adecuados y con jefes de escritorio&#8221;, explic\u00f3 el veterano. Y describi\u00f3 el clima de aquellos d\u00edas donde se viv\u00eda el fervor del Mundial con tantos sentimientos encontrados a causa de esta guerra. Mas precisamente: el d\u00eda desp\u00faes que Argentina debutaba con B\u00e9lgica nos rendiamos ante los ingleses.&#8221; Cara y ceca de una misma moneda, de una misma sociedad. Quiz\u00e1s sea este uno de los motivos por los que el 2 de abril no es una fecha m\u00e1s en nuestra historia. Nos convoca y nos obliga a mirarnos como sociedad&#8221;, reflexion\u00f3 Facundo Gonz\u00e1lez mientras Maritpe resumi\u00f3: &#8220;El pueblo que se interesa por conocer y entender su historia, es el pueblo que hace futuro&#8221;. <\/p>\n\n\n\n<div class=\"wp-container-7 wp-block-columns\">\n<div class=\"wp-container-4 wp-block-column\">\n<div class=\"wp-block-image\"><figure class=\"alignright size-large\"><img loading=\"lazy\" width=\"1024\" height=\"768\" src=\"https:\/\/cardenal-newman.edu\/media\/IMG-9384-1024x768.jpg\" alt=\"\" class=\"wp-image-5001\" srcset=\"https:\/\/cardenal-newman.edu\/media\/IMG-9384-1024x768.jpg 1024w, https:\/\/cardenal-newman.edu\/media\/IMG-9384-scaled-600x450.jpg 600w, https:\/\/cardenal-newman.edu\/media\/IMG-9384-300x225.jpg 300w, https:\/\/cardenal-newman.edu\/media\/IMG-9384-768x576.jpg 768w, https:\/\/cardenal-newman.edu\/media\/IMG-9384-1536x1152.jpg 1536w, https:\/\/cardenal-newman.edu\/media\/IMG-9384-scaled.jpg 2048w, https:\/\/cardenal-newman.edu\/media\/IMG-9384-240x180.jpg 240w\" sizes=\"(max-width: 1024px) 100vw, 1024px\" \/><\/figure><\/div>\n<\/div>\n\n\n\n<div class=\"wp-container-5 wp-block-column\">\n<div class=\"wp-block-image\"><figure class=\"aligncenter size-large\"><img loading=\"lazy\" width=\"1024\" height=\"768\" src=\"https:\/\/cardenal-newman.edu\/media\/IMG-9385-1024x768.jpg\" alt=\"\" class=\"wp-image-5003\" srcset=\"https:\/\/cardenal-newman.edu\/media\/IMG-9385-1024x768.jpg 1024w, https:\/\/cardenal-newman.edu\/media\/IMG-9385-scaled-600x450.jpg 600w, https:\/\/cardenal-newman.edu\/media\/IMG-9385-300x225.jpg 300w, https:\/\/cardenal-newman.edu\/media\/IMG-9385-768x576.jpg 768w, https:\/\/cardenal-newman.edu\/media\/IMG-9385-1536x1152.jpg 1536w, https:\/\/cardenal-newman.edu\/media\/IMG-9385-scaled.jpg 2048w, https:\/\/cardenal-newman.edu\/media\/IMG-9385-240x180.jpg 240w\" sizes=\"(max-width: 1024px) 100vw, 1024px\" \/><\/figure><\/div>\n<\/div>\n\n\n\n<div class=\"wp-container-6 wp-block-column\">\n<div class=\"wp-block-image\"><figure class=\"aligncenter size-large\"><img loading=\"lazy\" width=\"1024\" height=\"768\" src=\"https:\/\/cardenal-newman.edu\/media\/IMG-9387-1024x768.jpg\" alt=\"\" class=\"wp-image-5005\" srcset=\"https:\/\/cardenal-newman.edu\/media\/IMG-9387-1024x768.jpg 1024w, https:\/\/cardenal-newman.edu\/media\/IMG-9387-scaled-600x450.jpg 600w, https:\/\/cardenal-newman.edu\/media\/IMG-9387-300x225.jpg 300w, https:\/\/cardenal-newman.edu\/media\/IMG-9387-768x576.jpg 768w, https:\/\/cardenal-newman.edu\/media\/IMG-9387-1536x1152.jpg 1536w, https:\/\/cardenal-newman.edu\/media\/IMG-9387-scaled.jpg 2048w, https:\/\/cardenal-newman.edu\/media\/IMG-9387-240x180.jpg 240w\" sizes=\"(max-width: 1024px) 100vw, 1024px\" \/><\/figure><\/div>\n<\/div>\n<\/div>\n","protected":false},"excerpt":{"rendered":"<p>Santiago Pasman (camada\u00b479) ten\u00eda 19 a\u00f1os cuando fue convocado a Puerto Argentino. Puso pausa a su Carrera de Administraci\u00f3n de Empresas para sumarse a la &#8220;Compa\u00f1ia de Comunicaciones Macenizada Nro. X&#8221;. Supo pasar fr\u00edo y hambre. &#8220;Valor\u00e9 mucho lo que ten\u00eda lejos en casa y rezar el Rosario todos los d\u00edas con un grupo me dio mucha paz&#8221;. M\u00e1s de &hellip;<\/p>\n<p class=\"read-more\"> <a class=\"ast-button\" href=\"https:\/\/cardenal-newman.edu\/en\/homenaje-a-los-veteranos-y-caidos-de-malvinas\/\"> <span class=\"screen-reader-text\">Homenaje a los Veteranos y Ca\u00eddos de Malvinas<\/span> Read More \u00bb<\/a><\/p>\n","protected":false},"author":2,"featured_media":5001,"comment_status":"closed","ping_status":"closed","sticky":false,"template":"","format":"standard","meta":{"inline_featured_image":false,"site-sidebar-layout":"default","site-content-layout":"default","ast-global-header-display":"","ast-main-header-display":"","ast-hfb-above-header-display":"","ast-hfb-below-header-display":"","ast-hfb-mobile-header-display":"","site-post-title":"","ast-breadcrumbs-content":"","ast-featured-img":"","footer-sml-layout":"","theme-transparent-header-meta":"default","adv-header-id-meta":"","stick-header-meta":"default","header-above-stick-meta":"","header-main-stick-meta":"","header-below-stick-meta":""},"categories":[522],"tags":[],"yst_prominent_words":[125,1230,747,1330,1415,1347,1417],"_links":{"self":[{"href":"https:\/\/cardenal-newman.edu\/en\/wp-json\/wp\/v2\/posts\/4995"}],"collection":[{"href":"https:\/\/cardenal-newman.edu\/en\/wp-json\/wp\/v2\/posts"}],"about":[{"href":"https:\/\/cardenal-newman.edu\/en\/wp-json\/wp\/v2\/types\/post"}],"author":[{"embeddable":true,"href":"https:\/\/cardenal-newman.edu\/en\/wp-json\/wp\/v2\/users\/2"}],"replies":[{"embeddable":true,"href":"https:\/\/cardenal-newman.edu\/en\/wp-json\/wp\/v2\/comments?post=4995"}],"version-history":[{"count":3,"href":"https:\/\/cardenal-newman.edu\/en\/wp-json\/wp\/v2\/posts\/4995\/revisions"}],"predecessor-version":[{"id":5008,"href":"https:\/\/cardenal-newman.edu\/en\/wp-json\/wp\/v2\/posts\/4995\/revisions\/5008"}],"wp:featuredmedia":[{"embeddable":true,"href":"https:\/\/cardenal-newman.edu\/en\/wp-json\/wp\/v2\/media\/5001"}],"wp:attachment":[{"href":"https:\/\/cardenal-newman.edu\/en\/wp-json\/wp\/v2\/media?parent=4995"}],"wp:term":[{"taxonomy":"category","embeddable":true,"href":"https:\/\/cardenal-newman.edu\/en\/wp-json\/wp\/v2\/categories?post=4995"},{"taxonomy":"post_tag","embeddable":true,"href":"https:\/\/cardenal-newman.edu\/en\/wp-json\/wp\/v2\/tags?post=4995"},{"taxonomy":"yst_prominent_words","embeddable":true,"href":"https:\/\/cardenal-newman.edu\/en\/wp-json\/wp\/v2\/yst_prominent_words?post=4995"}],"curies":[{"name":"wp","href":"https:\/\/api.w.org\/{rel}","templated":true}]}}