{"id":5012,"date":"2021-04-16T14:45:04","date_gmt":"2021-04-16T17:45:04","guid":{"rendered":"https:\/\/cardenal-newman.edu\/?p=5012"},"modified":"2021-04-16T15:18:31","modified_gmt":"2021-04-16T18:18:31","slug":"newman-por-las-clases-presenciales","status":"publish","type":"post","link":"https:\/\/cardenal-newman.edu\/en\/newman-por-las-clases-presenciales\/","title":{"rendered":"Newman por las clases presenciales"},"content":{"rendered":"\n<p>La suspensi\u00f3n de clases presenciales dispuestas por las autoridades nacionales que carecen del sost\u00e9n necesario para justificar tal acci\u00f3n, fortalece nuestra clara postura y nos impulsa a multiplicar las variadas acciones que venimos llevando a cabo junto a las entidades que nos agrupan como EPEA y COORDIEP.&nbsp;<\/p>\n\n\n\n<p>Estamos evaluando junto a directores y due\u00f1os de distintos colegios las acciones mancomunadas para apelar y reclamar ante los diversos niveles gubernamentales, tanto municipal, provincial como nacional, la continuidad de la educaci\u00f3n presencial.&nbsp; Ma\u00f1ana viernes, nos estaremos reuniendo con autoridades de la provincia de Buenos Aires y C.A.B.A.<\/p>\n\n\n\n<p>Desde el inicio de las clases, el cumplimiento estricto de los protocolos y la organizaci\u00f3n de burbujas aisladas nos permitieron la normal continuidad pedag\u00f3gica complementando la modalidad presencial con la virtual.<\/p>\n\n\n\n<p>Nuestra postura es clara y firme: vamos a poner todos nuestros esfuerzos y nuestra energ\u00eda en la defensa de este derecho esencial a la educaci\u00f3n presencial que se suspende sin una base consistente de evaluaci\u00f3n de riesgo sanitario por parte de expertos vulnerando derechos elementales de ni\u00f1os y adolescentes.<\/p>\n\n\n\n<p>Ayer remarc\u00e1bamos la contundencia de las cifras: seg\u00fan las estad\u00edsticas oficiales que dependen del Ministerio de Educaci\u00f3n solamente 1,03% del personal educativo y&nbsp; 0,16% de los estudiantes resultaron Covid positivo. En contrapartida, organizaciones internacionales como la UNESCO, Unicef y el Banco Mundial entre otras instituciones, alertan de las graves consecuencias del cierre de escuelas para ni\u00f1os, adolescentes y para el futuro a nivel global.&nbsp;<\/p>\n\n\n\n<p>Lucha la buena lucha es nuestro lema. Estamos convencidos que la defensa del derecho a la educaci\u00f3n presencial es la mejor lucha que podemos encarar hoy por los alumnos de Newman, sus familias&nbsp; y tambi\u00e9n por el futuro de nuestro pa\u00eds que tanto nos necesita.<\/p>\n\n\n\n<h2 class=\"has-text-align-center\">Comunicados de <\/h2>\n\n\n\n<h2 class=\"has-text-align-center\">COORDIEP &amp; EPEA<\/h2>\n\n\n\n<div class=\"wp-block-image\"><figure class=\"aligncenter size-large is-resized\"><img src=\"https:\/\/cardenal-newman.edu\/media\/Comunicado_Presencialidad_15-4__2__page-0001-791x1024.jpg\" alt=\"\" class=\"wp-image-5017\" height=\"727\" srcset=\"https:\/\/cardenal-newman.edu\/media\/Comunicado_Presencialidad_15-4__2__page-0001-791x1024.jpg 791w, https:\/\/cardenal-newman.edu\/media\/Comunicado_Presencialidad_15-4__2__page-0001-600x776.jpg 600w, https:\/\/cardenal-newman.edu\/media\/Comunicado_Presencialidad_15-4__2__page-0001-232x300.jpg 232w, https:\/\/cardenal-newman.edu\/media\/Comunicado_Presencialidad_15-4__2__page-0001-768x994.jpg 768w, https:\/\/cardenal-newman.edu\/media\/Comunicado_Presencialidad_15-4__2__page-0001-1187x1536.jpg 1187w, https:\/\/cardenal-newman.edu\/media\/Comunicado_Presencialidad_15-4__2__page-0001-139x180.jpg 139w, https:\/\/cardenal-newman.edu\/media\/Comunicado_Presencialidad_15-4__2__page-0001.jpg 1275w\" sizes=\"(max-width: 791px) 100vw, 791px\" \/><\/figure><\/div>\n\n\n\n<div class=\"wp-container-3 wp-block-columns\">\n<div class=\"wp-container-1 wp-block-column\">\n<figure class=\"wp-block-image size-large\"><img loading=\"lazy\" width=\"724\" height=\"1024\" src=\"https:\/\/cardenal-newman.edu\/media\/Declaracio\u0301n-COORDIEP-15-4-2021-Presencialidad-en-las-instituciones-educativas_page-0001-724x1024.jpg\" alt=\"\" class=\"wp-image-5013\" srcset=\"https:\/\/cardenal-newman.edu\/media\/Declaracio\u0301n-COORDIEP-15-4-2021-Presencialidad-en-las-instituciones-educativas_page-0001-724x1024.jpg 724w, https:\/\/cardenal-newman.edu\/media\/Declaracio\u0301n-COORDIEP-15-4-2021-Presencialidad-en-las-instituciones-educativas_page-0001-600x849.jpg 600w, https:\/\/cardenal-newman.edu\/media\/Declaracio\u0301n-COORDIEP-15-4-2021-Presencialidad-en-las-instituciones-educativas_page-0001-212x300.jpg 212w, https:\/\/cardenal-newman.edu\/media\/Declaracio\u0301n-COORDIEP-15-4-2021-Presencialidad-en-las-instituciones-educativas_page-0001-768x1087.jpg 768w, https:\/\/cardenal-newman.edu\/media\/Declaracio\u0301n-COORDIEP-15-4-2021-Presencialidad-en-las-instituciones-educativas_page-0001-1085x1536.jpg 1085w, https:\/\/cardenal-newman.edu\/media\/Declaracio\u0301n-COORDIEP-15-4-2021-Presencialidad-en-las-instituciones-educativas_page-0001-127x180.jpg 127w, https:\/\/cardenal-newman.edu\/media\/Declaracio\u0301n-COORDIEP-15-4-2021-Presencialidad-en-las-instituciones-educativas_page-0001.jpg 1240w\" sizes=\"(max-width: 724px) 100vw, 724px\" \/><\/figure>\n<\/div>\n\n\n\n<div class=\"wp-container-2 wp-block-column\">\n<figure class=\"wp-block-image size-large\"><img loading=\"lazy\" width=\"724\" height=\"1024\" src=\"https:\/\/cardenal-newman.edu\/media\/Declaracio\u0301n-COORDIEP-15-4-2021-Presencialidad-en-las-instituciones-educativas_page-0002-724x1024.jpg\" alt=\"\" class=\"wp-image-5015\" srcset=\"https:\/\/cardenal-newman.edu\/media\/Declaracio\u0301n-COORDIEP-15-4-2021-Presencialidad-en-las-instituciones-educativas_page-0002-724x1024.jpg 724w, https:\/\/cardenal-newman.edu\/media\/Declaracio\u0301n-COORDIEP-15-4-2021-Presencialidad-en-las-instituciones-educativas_page-0002-600x849.jpg 600w, https:\/\/cardenal-newman.edu\/media\/Declaracio\u0301n-COORDIEP-15-4-2021-Presencialidad-en-las-instituciones-educativas_page-0002-212x300.jpg 212w, https:\/\/cardenal-newman.edu\/media\/Declaracio\u0301n-COORDIEP-15-4-2021-Presencialidad-en-las-instituciones-educativas_page-0002-768x1087.jpg 768w, https:\/\/cardenal-newman.edu\/media\/Declaracio\u0301n-COORDIEP-15-4-2021-Presencialidad-en-las-instituciones-educativas_page-0002-1085x1536.jpg 1085w, https:\/\/cardenal-newman.edu\/media\/Declaracio\u0301n-COORDIEP-15-4-2021-Presencialidad-en-las-instituciones-educativas_page-0002-127x180.jpg 127w, https:\/\/cardenal-newman.edu\/media\/Declaracio\u0301n-COORDIEP-15-4-2021-Presencialidad-en-las-instituciones-educativas_page-0002.jpg 1240w\" sizes=\"(max-width: 724px) 100vw, 724px\" \/><\/figure>\n<\/div>\n<\/div>\n\n\n\n<p><\/p>\n","protected":false},"excerpt":{"rendered":"<p>La suspensi\u00f3n de clases presenciales dispuestas por las autoridades nacionales que carecen del sost\u00e9n necesario para justificar tal acci\u00f3n, fortalece nuestra clara postura y nos impulsa a multiplicar las variadas acciones que venimos llevando a cabo junto a las entidades que nos agrupan como EPEA y COORDIEP.&nbsp; Estamos evaluando junto a directores y due\u00f1os de distintos colegios las acciones mancomunadas &hellip;<\/p>\n<p class=\"read-more\"> <a class=\"ast-button\" href=\"https:\/\/cardenal-newman.edu\/en\/newman-por-las-clases-presenciales\/\"> <span class=\"screen-reader-text\">Newman por las clases presenciales<\/span> Read More \u00bb<\/a><\/p>\n","protected":false},"author":2,"featured_media":5019,"comment_status":"closed","ping_status":"closed","sticky":false,"template":"","format":"standard","meta":{"inline_featured_image":false,"site-sidebar-layout":"default","site-content-layout":"default","ast-global-header-display":"","ast-main-header-display":"","ast-hfb-above-header-display":"","ast-hfb-below-header-display":"","ast-hfb-mobile-header-display":"","site-post-title":"","ast-breadcrumbs-content":"","ast-featured-img":"","footer-sml-layout":"","theme-transparent-header-meta":"default","adv-header-id-meta":"","stick-header-meta":"default","header-above-stick-meta":"","header-main-stick-meta":"","header-below-stick-meta":""},"categories":[2549],"tags":[],"yst_prominent_words":[81,2871,352,122,15,191,130,351],"_links":{"self":[{"href":"https:\/\/cardenal-newman.edu\/en\/wp-json\/wp\/v2\/posts\/5012"}],"collection":[{"href":"https:\/\/cardenal-newman.edu\/en\/wp-json\/wp\/v2\/posts"}],"about":[{"href":"https:\/\/cardenal-newman.edu\/en\/wp-json\/wp\/v2\/types\/post"}],"author":[{"embeddable":true,"href":"https:\/\/cardenal-newman.edu\/en\/wp-json\/wp\/v2\/users\/2"}],"replies":[{"embeddable":true,"href":"https:\/\/cardenal-newman.edu\/en\/wp-json\/wp\/v2\/comments?post=5012"}],"version-history":[{"count":5,"href":"https:\/\/cardenal-newman.edu\/en\/wp-json\/wp\/v2\/posts\/5012\/revisions"}],"predecessor-version":[{"id":5033,"href":"https:\/\/cardenal-newman.edu\/en\/wp-json\/wp\/v2\/posts\/5012\/revisions\/5033"}],"wp:featuredmedia":[{"embeddable":true,"href":"https:\/\/cardenal-newman.edu\/en\/wp-json\/wp\/v2\/media\/5019"}],"wp:attachment":[{"href":"https:\/\/cardenal-newman.edu\/en\/wp-json\/wp\/v2\/media?parent=5012"}],"wp:term":[{"taxonomy":"category","embeddable":true,"href":"https:\/\/cardenal-newman.edu\/en\/wp-json\/wp\/v2\/categories?post=5012"},{"taxonomy":"post_tag","embeddable":true,"href":"https:\/\/cardenal-newman.edu\/en\/wp-json\/wp\/v2\/tags?post=5012"},{"taxonomy":"yst_prominent_words","embeddable":true,"href":"https:\/\/cardenal-newman.edu\/en\/wp-json\/wp\/v2\/yst_prominent_words?post=5012"}],"curies":[{"name":"wp","href":"https:\/\/api.w.org\/{rel}","templated":true}]}}