{"id":5036,"date":"2021-05-06T11:39:14","date_gmt":"2021-05-06T14:39:14","guid":{"rendered":"https:\/\/cardenal-newman.edu\/?p=5036"},"modified":"2021-05-06T11:51:10","modified_gmt":"2021-05-06T14:51:10","slug":"misa-br-eamonn-odonnell-9-1-1934-3-4-2021","status":"publish","type":"post","link":"https:\/\/cardenal-newman.edu\/en\/misa-br-eamonn-odonnell-9-1-1934-3-4-2021\/","title":{"rendered":"Misa Br. Eamonn O\u00b4Donnell (9\/1\/1934 &#8211; 3\/4\/2021)"},"content":{"rendered":"\n<p>Dar gracias por su vida. Este fue el sentido del encuentro que uni\u00f3 a m\u00e1s de 150 personas en varios pa\u00edses en la despedida de Br. Eamonn O\u00b4Donnell que falleci\u00f3 el pasado 3 de abril. Br. Michael Lynch inici\u00f3 la ceremonia&nbsp;mostrando el significado de los objetos personales y preciados que Eamonn guardaba cerca. Recuerdos de su huella en Irlanda, Uruguay y Argentina. En la misa presidida por tres sacerdotes&nbsp;irlandeses tambi\u00e9n hubo emotivos momentos con palabras de Br. Hugo C\u00e1ceres y  videos llenos de testimonios.&nbsp;Sus cenizas descansan ahora con las de otros Brothers. Una vez concluida la ceremonia, nadie se quer\u00eda ir y naturalmente surgi\u00f3 una charla virtual&nbsp;llena de recuerdos agradecidos.&nbsp;<\/p>\n\n\n\n<h2>Video de la Ceremonia<\/h2>\n\n\n\n<figure class=\"wp-block-embed is-type-video is-provider-youtube wp-block-embed-youtube wp-embed-aspect-16-9 wp-has-aspect-ratio\"><div class=\"wp-block-embed__wrapper\">\n<div class=\"ast-oembed-container\" style=\"height: 100%;\"><iframe loading=\"lazy\" title=\"Misa Br Eamonn O\u00b4Donnell\" width=\"500\" height=\"281\" src=\"https:\/\/www.youtube.com\/embed\/fCrg6AOMy5Y?feature=oembed\" frameborder=\"0\" allow=\"accelerometer; autoplay; clipboard-write; encrypted-media; gyroscope; picture-in-picture\" allowfullscreen><\/iframe><\/div>\n<\/div><\/figure>\n\n\n\n<div class=\"wp-container-3 wp-block-columns\">\n<div class=\"wp-container-1 wp-block-column\"><\/div>\n\n\n\n<div class=\"wp-container-2 wp-block-column\">\n<p><\/p>\n<\/div>\n<\/div>\n\n\n\n<h2>Testimonios en Videos<\/h2>\n\n\n\n<div class=\"wp-container-10 wp-block-columns\">\n<div class=\"wp-container-5 wp-block-column\">\n<div class=\"wp-block-image\"><figure class=\"aligncenter size-large\"><a href=\"https:\/\/youtu.be\/Szcq2gfour0\"><img loading=\"lazy\" width=\"960\" height=\"720\" src=\"https:\/\/cardenal-newman.edu\/media\/Uruguay.jpg\" alt=\"\" class=\"wp-image-5041\" srcset=\"https:\/\/cardenal-newman.edu\/media\/Uruguay.jpg 960w, https:\/\/cardenal-newman.edu\/media\/Uruguay-600x450.jpg 600w, https:\/\/cardenal-newman.edu\/media\/Uruguay-300x225.jpg 300w, https:\/\/cardenal-newman.edu\/media\/Uruguay-768x576.jpg 768w, https:\/\/cardenal-newman.edu\/media\/Uruguay-240x180.jpg 240w\" sizes=\"(max-width: 960px) 100vw, 960px\" \/><\/a><figcaption> Comunidad Stella Maris &#8211; Uruguay<\/figcaption><\/figure><\/div>\n\n\n\n<div class=\"wp-container-4 wp-block-buttons\"><\/div>\n<\/div>\n\n\n\n<div class=\"wp-container-7 wp-block-column\">\n<div class=\"wp-block-image\"><figure class=\"aligncenter size-large\"><a href=\"https:\/\/youtu.be\/tWUZ5kynFq8\"><img loading=\"lazy\" width=\"1024\" height=\"768\" src=\"https:\/\/cardenal-newman.edu\/media\/20181207_171951-1024x768.jpg\" alt=\"\" class=\"wp-image-5043\" srcset=\"https:\/\/cardenal-newman.edu\/media\/20181207_171951-1024x768.jpg 1024w, https:\/\/cardenal-newman.edu\/media\/20181207_171951-scaled-600x450.jpg 600w, https:\/\/cardenal-newman.edu\/media\/20181207_171951-300x225.jpg 300w, https:\/\/cardenal-newman.edu\/media\/20181207_171951-768x576.jpg 768w, https:\/\/cardenal-newman.edu\/media\/20181207_171951-1536x1152.jpg 1536w, https:\/\/cardenal-newman.edu\/media\/20181207_171951-scaled.jpg 2048w, https:\/\/cardenal-newman.edu\/media\/20181207_171951-240x180.jpg 240w\" sizes=\"(max-width: 1024px) 100vw, 1024px\" \/><\/a><figcaption>Comunidad Cardenal Newman &#8211; Argentina<\/figcaption><\/figure><\/div>\n\n\n\n<div class=\"wp-container-6 wp-block-buttons\"><\/div>\n<\/div>\n\n\n\n<div class=\"wp-container-9 wp-block-column\">\n<div class=\"wp-block-image\"><figure class=\"aligncenter size-large is-resized\"><a href=\"https:\/\/youtu.be\/unyQaZiTy-8\"><img loading=\"lazy\" src=\"https:\/\/cardenal-newman.edu\/media\/20170916_125114-768x1024.jpg\" alt=\"\" class=\"wp-image-5045\" width=\"179\" height=\"238\" srcset=\"https:\/\/cardenal-newman.edu\/media\/20170916_125114-768x1024.jpg 768w, https:\/\/cardenal-newman.edu\/media\/20170916_125114-scaled-600x800.jpg 600w, https:\/\/cardenal-newman.edu\/media\/20170916_125114-225x300.jpg 225w, https:\/\/cardenal-newman.edu\/media\/20170916_125114-1152x1536.jpg 1152w, https:\/\/cardenal-newman.edu\/media\/20170916_125114-scaled.jpg 1536w, https:\/\/cardenal-newman.edu\/media\/20170916_125114-135x180.jpg 135w\" sizes=\"(max-width: 179px) 100vw, 179px\" \/><\/a><figcaption>Palabras de Thomas o\u00b4Connell<\/figcaption><\/figure><\/div>\n\n\n\n<div class=\"wp-container-8 wp-block-buttons\"><\/div>\n<\/div>\n<\/div>\n\n\n\n<div class=\"wp-container-14 wp-block-columns\">\n<div class=\"wp-container-11 wp-block-column\">\n<figure class=\"wp-block-image size-large\"><img loading=\"lazy\" width=\"1024\" height=\"768\" src=\"https:\/\/cardenal-newman.edu\/media\/IMG-0048-1024x768.jpg\" alt=\"\" class=\"wp-image-5048\" srcset=\"https:\/\/cardenal-newman.edu\/media\/IMG-0048-1024x768.jpg 1024w, https:\/\/cardenal-newman.edu\/media\/IMG-0048-scaled-600x450.jpg 600w, https:\/\/cardenal-newman.edu\/media\/IMG-0048-300x225.jpg 300w, https:\/\/cardenal-newman.edu\/media\/IMG-0048-768x576.jpg 768w, https:\/\/cardenal-newman.edu\/media\/IMG-0048-1536x1152.jpg 1536w, https:\/\/cardenal-newman.edu\/media\/IMG-0048-scaled.jpg 2048w, https:\/\/cardenal-newman.edu\/media\/IMG-0048-240x180.jpg 240w\" sizes=\"(max-width: 1024px) 100vw, 1024px\" \/><\/figure>\n<\/div>\n\n\n\n<div class=\"wp-container-12 wp-block-column\">\n<p>Br. Michael Lynch present\u00f3 y gui\u00f3 la ceremonia. La misa fue celebrada por tres sacerdotes irlandeses: Johnny Sweeney SCA, Tom O\u00b4Donnell SCA, Bertie Flanagan SCA.  Estuvieron presentes Thomas  O\u00b4Connell,  Br. Sean Hayes y representantes del Board y el Instituto de Hermanos Cristianos. M\u00e1s de 150 personas siguieron la ceremonia por zoom.. <\/p>\n<\/div>\n\n\n\n<div class=\"wp-container-13 wp-block-column\">\n<figure class=\"wp-block-image size-large\"><img loading=\"lazy\" width=\"1024\" height=\"768\" src=\"https:\/\/cardenal-newman.edu\/media\/IMG-0050-1024x768.jpg\" alt=\"\" class=\"wp-image-5050\" srcset=\"https:\/\/cardenal-newman.edu\/media\/IMG-0050-1024x768.jpg 1024w, https:\/\/cardenal-newman.edu\/media\/IMG-0050-scaled-600x450.jpg 600w, https:\/\/cardenal-newman.edu\/media\/IMG-0050-300x225.jpg 300w, https:\/\/cardenal-newman.edu\/media\/IMG-0050-768x576.jpg 768w, https:\/\/cardenal-newman.edu\/media\/IMG-0050-1536x1152.jpg 1536w, https:\/\/cardenal-newman.edu\/media\/IMG-0050-scaled.jpg 2048w, https:\/\/cardenal-newman.edu\/media\/IMG-0050-240x180.jpg 240w\" sizes=\"(max-width: 1024px) 100vw, 1024px\" \/><\/figure>\n<\/div>\n<\/div>\n\n\n\n<h2>Fotos de la vida de Br. Eamonn O\u00b4Donnell<\/h2>\n\n\n\n<figure class=\"wp-block-embed is-type-video is-provider-youtube wp-block-embed-youtube wp-embed-aspect-16-9 wp-has-aspect-ratio\"><div class=\"wp-block-embed__wrapper\">\n<div class=\"ast-oembed-container\" style=\"height: 100%;\"><iframe loading=\"lazy\" title=\"Eamonn O&#039; Donnell\" width=\"500\" height=\"281\" src=\"https:\/\/www.youtube.com\/embed\/y4OEOcdRfAU?feature=oembed\" frameborder=\"0\" allow=\"accelerometer; autoplay; clipboard-write; encrypted-media; gyroscope; picture-in-picture\" allowfullscreen><\/iframe><\/div>\n<\/div><\/figure>\n\n\n\n<div class=\"wp-container-17 wp-block-columns\">\n<div class=\"wp-container-15 wp-block-column\">\n<div class=\"wp-block-image\"><figure class=\"aligncenter size-large is-resized\"><img loading=\"lazy\" src=\"https:\/\/cardenal-newman.edu\/media\/IMG-0038-768x1024.jpg\" alt=\"\" class=\"wp-image-5037\" width=\"234\" height=\"312\" srcset=\"https:\/\/cardenal-newman.edu\/media\/IMG-0038-768x1024.jpg 768w, https:\/\/cardenal-newman.edu\/media\/IMG-0038-scaled-600x800.jpg 600w, https:\/\/cardenal-newman.edu\/media\/IMG-0038-225x300.jpg 225w, https:\/\/cardenal-newman.edu\/media\/IMG-0038-1152x1536.jpg 1152w, https:\/\/cardenal-newman.edu\/media\/IMG-0038-scaled.jpg 1536w, https:\/\/cardenal-newman.edu\/media\/IMG-0038-135x180.jpg 135w\" sizes=\"(max-width: 234px) 100vw, 234px\" \/><figcaption>Huellas de Br. O\u00b4Donnell  en Irlanda, Uruguay y Argentina <\/figcaption><\/figure><\/div>\n<\/div>\n\n\n\n<div class=\"wp-container-16 wp-block-column\">\n<div class=\"wp-block-image\"><figure class=\"aligncenter size-large is-resized\"><img loading=\"lazy\" src=\"https:\/\/cardenal-newman.edu\/media\/IMG-0035-768x1024.jpg\" alt=\"\" class=\"wp-image-5039\" width=\"235\" height=\"312\" srcset=\"https:\/\/cardenal-newman.edu\/media\/IMG-0035-768x1024.jpg 768w, https:\/\/cardenal-newman.edu\/media\/IMG-0035-scaled-600x800.jpg 600w, https:\/\/cardenal-newman.edu\/media\/IMG-0035-225x300.jpg 225w, https:\/\/cardenal-newman.edu\/media\/IMG-0035-1152x1536.jpg 1152w, https:\/\/cardenal-newman.edu\/media\/IMG-0035-scaled.jpg 1536w, https:\/\/cardenal-newman.edu\/media\/IMG-0035-135x180.jpg 135w\" sizes=\"(max-width: 235px) 100vw, 235px\" \/><figcaption>El altar con sus recuerdos personales  y fotograf\u00edas de su vida. <\/figcaption><\/figure><\/div>\n<\/div>\n<\/div>\n","protected":false},"excerpt":{"rendered":"<p>Dar gracias por su vida. Este fue el sentido del encuentro que uni\u00f3 a m\u00e1s de 150 personas en varios pa\u00edses en la despedida de Br. Eamonn O\u00b4Donnell que falleci\u00f3 el pasado 3 de abril. Br. Michael Lynch inici\u00f3 la ceremonia&nbsp;mostrando el significado de los objetos personales y preciados que Eamonn guardaba cerca. Recuerdos de su huella en Irlanda, Uruguay &hellip;<\/p>\n<p class=\"read-more\"> <a class=\"ast-button\" href=\"https:\/\/cardenal-newman.edu\/en\/misa-br-eamonn-odonnell-9-1-1934-3-4-2021\/\"> <span class=\"screen-reader-text\">Misa Br. Eamonn O\u00b4Donnell (9\/1\/1934 &#8211; 3\/4\/2021)<\/span> Read More \u00bb<\/a><\/p>\n","protected":false},"author":2,"featured_media":5048,"comment_status":"closed","ping_status":"closed","sticky":false,"template":"","format":"standard","meta":{"inline_featured_image":false,"site-sidebar-layout":"default","site-content-layout":"default","ast-global-header-display":"","ast-main-header-display":"","ast-hfb-above-header-display":"","ast-hfb-below-header-display":"","ast-hfb-mobile-header-display":"","site-post-title":"","ast-breadcrumbs-content":"","ast-featured-img":"","footer-sml-layout":"","theme-transparent-header-meta":"default","adv-header-id-meta":"","stick-header-meta":"default","header-above-stick-meta":"","header-main-stick-meta":"","header-below-stick-meta":""},"categories":[8,2549],"tags":[],"yst_prominent_words":[1598,125,2959,2961,2958,61],"_links":{"self":[{"href":"https:\/\/cardenal-newman.edu\/en\/wp-json\/wp\/v2\/posts\/5036"}],"collection":[{"href":"https:\/\/cardenal-newman.edu\/en\/wp-json\/wp\/v2\/posts"}],"about":[{"href":"https:\/\/cardenal-newman.edu\/en\/wp-json\/wp\/v2\/types\/post"}],"author":[{"embeddable":true,"href":"https:\/\/cardenal-newman.edu\/en\/wp-json\/wp\/v2\/users\/2"}],"replies":[{"embeddable":true,"href":"https:\/\/cardenal-newman.edu\/en\/wp-json\/wp\/v2\/comments?post=5036"}],"version-history":[{"count":8,"href":"https:\/\/cardenal-newman.edu\/en\/wp-json\/wp\/v2\/posts\/5036\/revisions"}],"predecessor-version":[{"id":5061,"href":"https:\/\/cardenal-newman.edu\/en\/wp-json\/wp\/v2\/posts\/5036\/revisions\/5061"}],"wp:featuredmedia":[{"embeddable":true,"href":"https:\/\/cardenal-newman.edu\/en\/wp-json\/wp\/v2\/media\/5048"}],"wp:attachment":[{"href":"https:\/\/cardenal-newman.edu\/en\/wp-json\/wp\/v2\/media?parent=5036"}],"wp:term":[{"taxonomy":"category","embeddable":true,"href":"https:\/\/cardenal-newman.edu\/en\/wp-json\/wp\/v2\/categories?post=5036"},{"taxonomy":"post_tag","embeddable":true,"href":"https:\/\/cardenal-newman.edu\/en\/wp-json\/wp\/v2\/tags?post=5036"},{"taxonomy":"yst_prominent_words","embeddable":true,"href":"https:\/\/cardenal-newman.edu\/en\/wp-json\/wp\/v2\/yst_prominent_words?post=5036"}],"curies":[{"name":"wp","href":"https:\/\/api.w.org\/{rel}","templated":true}]}}