{"id":5663,"date":"2022-03-15T12:22:50","date_gmt":"2022-03-15T15:22:50","guid":{"rendered":"https:\/\/cardenal-newman.edu\/?p=5663"},"modified":"2022-03-15T12:22:52","modified_gmt":"2022-03-15T15:22:52","slug":"en-tierra-santa-con-los-chicos-de-6to-ep","status":"publish","type":"post","link":"https:\/\/cardenal-newman.edu\/en\/en-tierra-santa-con-los-chicos-de-6to-ep\/","title":{"rendered":"En Tierra Santa con los chicos de 6to EP"},"content":{"rendered":"\n<p>A pocos kil\u00f3metros del colegio, en plena Costanera Norte, se levanta una ciudad de casas de piedra, construcciones grecorromanas, templos y plazas. Es el Parque Tem\u00e1tico Tierra Santa, el primer&nbsp;parque religioso de Am\u00e9rica Latina. Desde el colegio visitamos este lugar con los chicos despu\u00e9s de un a\u00f1o de  la Primera Comuni\u00f3n. Es un momento para profundizar en los or\u00edgenes y fundamentos de nuestra fe. <\/p>\n\n\n\n<p>Recorrimos juntos la recreaci\u00f3n de escenas del Antiguo Testamento, como la creaci\u00f3n del mundo en un espect\u00e1culo de im\u00e1genes y sonidos que describen el origen de la vida en la Tierra, o el relato del Arca de No\u00e9. Llegamos a la era cristiana, con la representaci\u00f3n del nacimiento de Jes\u00fas, y seguimos las huellas de su vida hasta la Resurrecci\u00f3n. <\/p>\n\n\n\n<p>Adem\u00e1s, aprendimos juntos costumbres de un lugar en el que convivieron jud\u00edos, cristianos y musulmanes. <\/p>\n\n\n\n<p>Les compartimos un video con fotos de esos momentos (Menos de 1 minuto). <\/p>\n\n\n\n<figure class=\"wp-block-embed is-type-video is-provider-youtube wp-block-embed-youtube wp-embed-aspect-16-9 wp-has-aspect-ratio\"><div class=\"wp-block-embed__wrapper\">\nhttps:\/\/youtu.be\/3eiSW03AUtA\n<\/div><\/figure>\n","protected":false},"excerpt":{"rendered":"<p>A pocos kil\u00f3metros del colegio, en plena Costanera Norte, se levanta una ciudad de casas de piedra, construcciones grecorromanas, templos y plazas. Es el Parque Tem\u00e1tico Tierra Santa, el primer&nbsp;parque religioso de Am\u00e9rica Latina. Desde el colegio visitamos este lugar con los chicos despu\u00e9s de un a\u00f1o de la Primera Comuni\u00f3n. Es un momento para profundizar en los or\u00edgenes y &hellip;<\/p>\n<p class=\"read-more\"> <a class=\"ast-button\" href=\"https:\/\/cardenal-newman.edu\/en\/en-tierra-santa-con-los-chicos-de-6to-ep\/\"> <span class=\"screen-reader-text\">En Tierra Santa con los chicos de 6to EP<\/span> Read More \u00bb<\/a><\/p>\n","protected":false},"author":2,"featured_media":5667,"comment_status":"closed","ping_status":"closed","sticky":false,"template":"","format":"standard","meta":{"inline_featured_image":false,"site-sidebar-layout":"default","site-content-layout":"default","ast-global-header-display":"","ast-main-header-display":"","ast-hfb-above-header-display":"","ast-hfb-below-header-display":"","ast-hfb-mobile-header-display":"","site-post-title":"","ast-breadcrumbs-content":"","ast-featured-img":"","footer-sml-layout":"","theme-transparent-header-meta":"","adv-header-id-meta":"","stick-header-meta":"","header-above-stick-meta":"","header-main-stick-meta":"","header-below-stick-meta":""},"categories":[519],"tags":[],"yst_prominent_words":[98,576,688,61],"_links":{"self":[{"href":"https:\/\/cardenal-newman.edu\/en\/wp-json\/wp\/v2\/posts\/5663"}],"collection":[{"href":"https:\/\/cardenal-newman.edu\/en\/wp-json\/wp\/v2\/posts"}],"about":[{"href":"https:\/\/cardenal-newman.edu\/en\/wp-json\/wp\/v2\/types\/post"}],"author":[{"embeddable":true,"href":"https:\/\/cardenal-newman.edu\/en\/wp-json\/wp\/v2\/users\/2"}],"replies":[{"embeddable":true,"href":"https:\/\/cardenal-newman.edu\/en\/wp-json\/wp\/v2\/comments?post=5663"}],"version-history":[{"count":2,"href":"https:\/\/cardenal-newman.edu\/en\/wp-json\/wp\/v2\/posts\/5663\/revisions"}],"predecessor-version":[{"id":5669,"href":"https:\/\/cardenal-newman.edu\/en\/wp-json\/wp\/v2\/posts\/5663\/revisions\/5669"}],"wp:featuredmedia":[{"embeddable":true,"href":"https:\/\/cardenal-newman.edu\/en\/wp-json\/wp\/v2\/media\/5667"}],"wp:attachment":[{"href":"https:\/\/cardenal-newman.edu\/en\/wp-json\/wp\/v2\/media?parent=5663"}],"wp:term":[{"taxonomy":"category","embeddable":true,"href":"https:\/\/cardenal-newman.edu\/en\/wp-json\/wp\/v2\/categories?post=5663"},{"taxonomy":"post_tag","embeddable":true,"href":"https:\/\/cardenal-newman.edu\/en\/wp-json\/wp\/v2\/tags?post=5663"},{"taxonomy":"yst_prominent_words","embeddable":true,"href":"https:\/\/cardenal-newman.edu\/en\/wp-json\/wp\/v2\/yst_prominent_words?post=5663"}],"curies":[{"name":"wp","href":"https:\/\/api.w.org\/{rel}","templated":true}]}}