{"id":5702,"date":"2022-03-28T13:09:54","date_gmt":"2022-03-28T16:09:54","guid":{"rendered":"https:\/\/cardenal-newman.edu\/?p=5702"},"modified":"2022-03-28T13:09:57","modified_gmt":"2022-03-28T16:09:57","slug":"misa-de-la-asociacion-de-exalumnos","status":"publish","type":"post","link":"https:\/\/cardenal-newman.edu\/en\/misa-de-la-asociacion-de-exalumnos\/","title":{"rendered":"Misa de la Asociaci\u00f3n de Exalumnos"},"content":{"rendered":"\n<p>Emocionante la Misa de la Asociaci\u00f3n de Ex alumnos esta semana con la presencia de los delegados de cada camada y la gracia de un altar a pleno con las vocaciones sacerdotales que crecieron en Newman: P. Buby Pinto, Toki Morea, Ruso Alvarado, Juampi Contepomi, Jaime Morea, John Emery, Eduardo Casabal, Mart\u00edn Bourdieu, Andr\u00e9s DiCio y Tom\u00e1s Sodor, y el seminarista Mat\u00edas Nazar.<\/p>\n\n\n\n<p>Fue una Misa muy especial con la oportunidad de unirse en Oraci\u00f3n por los fallecidos durante la pandemia y tambi\u00e9n de agradecer la vida de ex alumnos ex combatientes de Malvinas en su 40 aniversario: Ricardo Stuart, Julio Casas, Javier Pereda y Santiago Pasman. Ricardo y Santiago compartieron generosamente su testimonio personal y dejaron objetos personales de Malvinas como ofrenda.<\/p>\n\n\n\n<div class=\"wp-container-4 wp-block-columns\">\n<div class=\"wp-container-1 wp-block-column\"><\/div>\n\n\n\n<div class=\"wp-container-2 wp-block-column\"><\/div>\n\n\n\n<div class=\"wp-container-3 wp-block-column\"><\/div>\n<\/div>\n\n\n\n<figure class=\"wp-container-6 wp-block-gallery-5 wp-block-gallery has-nested-images columns-default is-cropped\">\n<figure class=\"wp-block-image size-large\"><img loading=\"lazy\" width=\"1024\" height=\"449\" data-id=\"5745\"  src=\"https:\/\/cardenal-newman.edu\/media\/PHOTO-2022-03-27-21-42-51-1024x449.jpg\" alt=\"\" class=\"wp-image-5745\" srcset=\"https:\/\/cardenal-newman.edu\/media\/PHOTO-2022-03-27-21-42-51-1024x449.jpg 1024w, https:\/\/cardenal-newman.edu\/media\/PHOTO-2022-03-27-21-42-51-300x131.jpg 300w, https:\/\/cardenal-newman.edu\/media\/PHOTO-2022-03-27-21-42-51-768x337.jpg 768w, https:\/\/cardenal-newman.edu\/media\/PHOTO-2022-03-27-21-42-51-240x105.jpg 240w, https:\/\/cardenal-newman.edu\/media\/PHOTO-2022-03-27-21-42-51-600x263.jpg 600w, https:\/\/cardenal-newman.edu\/media\/PHOTO-2022-03-27-21-42-51.jpg 1280w\" sizes=\"(max-width: 1024px) 100vw, 1024px\" \/><figcaption>Junto al altar, exalumnos que hoy son sacerdotes<\/figcaption><\/figure>\n\n\n\n<figure class=\"wp-block-image size-large\"><img loading=\"lazy\" width=\"1024\" height=\"682\" data-id=\"5743\"  src=\"https:\/\/cardenal-newman.edu\/media\/PHOTO-2022-03-27-21-46-12-1-1024x682.jpg\" alt=\"\" class=\"wp-image-5743\" srcset=\"https:\/\/cardenal-newman.edu\/media\/PHOTO-2022-03-27-21-46-12-1-1024x682.jpg 1024w, https:\/\/cardenal-newman.edu\/media\/PHOTO-2022-03-27-21-46-12-1-300x200.jpg 300w, https:\/\/cardenal-newman.edu\/media\/PHOTO-2022-03-27-21-46-12-1-768x512.jpg 768w, https:\/\/cardenal-newman.edu\/media\/PHOTO-2022-03-27-21-46-12-1-240x160.jpg 240w, https:\/\/cardenal-newman.edu\/media\/PHOTO-2022-03-27-21-46-12-1-600x400.jpg 600w, https:\/\/cardenal-newman.edu\/media\/PHOTO-2022-03-27-21-46-12-1.jpg 1280w\" sizes=\"(max-width: 1024px) 100vw, 1024px\" \/><figcaption>Coro con exalumnos<\/figcaption><\/figure>\n\n\n\n<figure class=\"wp-block-image size-large\"><img loading=\"lazy\" width=\"1024\" height=\"666\" data-id=\"5759\"  src=\"https:\/\/cardenal-newman.edu\/media\/PHOTO-2022-03-27-21-43-27-1-1-1024x666.jpg\" alt=\"\" class=\"wp-image-5759\" srcset=\"https:\/\/cardenal-newman.edu\/media\/PHOTO-2022-03-27-21-43-27-1-1-1024x666.jpg 1024w, https:\/\/cardenal-newman.edu\/media\/PHOTO-2022-03-27-21-43-27-1-1-300x195.jpg 300w, https:\/\/cardenal-newman.edu\/media\/PHOTO-2022-03-27-21-43-27-1-1-768x499.jpg 768w, https:\/\/cardenal-newman.edu\/media\/PHOTO-2022-03-27-21-43-27-1-1-240x156.jpg 240w, https:\/\/cardenal-newman.edu\/media\/PHOTO-2022-03-27-21-43-27-1-1-600x390.jpg 600w, https:\/\/cardenal-newman.edu\/media\/PHOTO-2022-03-27-21-43-27-1-1.jpg 1280w\" sizes=\"(max-width: 1024px) 100vw, 1024px\" \/><figcaption>Rezamos por los fallecidos durante la pandemia y por los ca\u00eddos en Malvinas, en el 40 aniversario.<\/figcaption><\/figure>\n\n\n\n<figure class=\"wp-block-image size-large\"><img loading=\"lazy\" width=\"1024\" height=\"682\" data-id=\"5741\"  src=\"https:\/\/cardenal-newman.edu\/media\/PHOTO-2022-03-27-21-44-56-1-1024x682.jpg\" alt=\"\" class=\"wp-image-5741\" srcset=\"https:\/\/cardenal-newman.edu\/media\/PHOTO-2022-03-27-21-44-56-1-1024x682.jpg 1024w, https:\/\/cardenal-newman.edu\/media\/PHOTO-2022-03-27-21-44-56-1-300x200.jpg 300w, https:\/\/cardenal-newman.edu\/media\/PHOTO-2022-03-27-21-44-56-1-768x512.jpg 768w, https:\/\/cardenal-newman.edu\/media\/PHOTO-2022-03-27-21-44-56-1-240x160.jpg 240w, https:\/\/cardenal-newman.edu\/media\/PHOTO-2022-03-27-21-44-56-1-600x400.jpg 600w, https:\/\/cardenal-newman.edu\/media\/PHOTO-2022-03-27-21-44-56-1.jpg 1280w\" sizes=\"(max-width: 1024px) 100vw, 1024px\" \/><figcaption>Ricardo Stuart, exalumno, <br>ex combatiente de Malvinas<\/figcaption><\/figure>\n\n\n\n<figure class=\"wp-block-image size-large\"><img loading=\"lazy\" width=\"1024\" height=\"767\" data-id=\"5749\"  src=\"https:\/\/cardenal-newman.edu\/media\/PHOTO-2022-03-27-21-45-29-1-1024x767.jpg\" alt=\"\" class=\"wp-image-5749\" srcset=\"https:\/\/cardenal-newman.edu\/media\/PHOTO-2022-03-27-21-45-29-1-1024x767.jpg 1024w, https:\/\/cardenal-newman.edu\/media\/PHOTO-2022-03-27-21-45-29-1-300x225.jpg 300w, https:\/\/cardenal-newman.edu\/media\/PHOTO-2022-03-27-21-45-29-1-768x575.jpg 768w, https:\/\/cardenal-newman.edu\/media\/PHOTO-2022-03-27-21-45-29-1-240x180.jpg 240w, https:\/\/cardenal-newman.edu\/media\/PHOTO-2022-03-27-21-45-29-1-600x450.jpg 600w, https:\/\/cardenal-newman.edu\/media\/PHOTO-2022-03-27-21-45-29-1.jpg 1280w\" sizes=\"(max-width: 1024px) 100vw, 1024px\" \/><figcaption>Lobo Lowenthal<\/figcaption><\/figure>\n\n\n\n<figure class=\"wp-block-image size-large\"><img loading=\"lazy\" width=\"1024\" height=\"682\" data-id=\"5735\"  src=\"https:\/\/cardenal-newman.edu\/media\/PHOTO-2022-03-27-21-49-08-1-1024x682.jpg\" alt=\"\" class=\"wp-image-5735\" srcset=\"https:\/\/cardenal-newman.edu\/media\/PHOTO-2022-03-27-21-49-08-1-1024x682.jpg 1024w, https:\/\/cardenal-newman.edu\/media\/PHOTO-2022-03-27-21-49-08-1-300x200.jpg 300w, https:\/\/cardenal-newman.edu\/media\/PHOTO-2022-03-27-21-49-08-1-768x512.jpg 768w, https:\/\/cardenal-newman.edu\/media\/PHOTO-2022-03-27-21-49-08-1-240x160.jpg 240w, https:\/\/cardenal-newman.edu\/media\/PHOTO-2022-03-27-21-49-08-1-600x400.jpg 600w, https:\/\/cardenal-newman.edu\/media\/PHOTO-2022-03-27-21-49-08-1.jpg 1280w\" sizes=\"(max-width: 1024px) 100vw, 1024px\" \/><\/figure>\n\n\n\n<figure class=\"wp-block-image size-large\"><img loading=\"lazy\" width=\"1024\" height=\"682\" data-id=\"5737\"  src=\"https:\/\/cardenal-newman.edu\/media\/PHOTO-2022-03-27-21-49-21-1-1024x682.jpg\" alt=\"\" class=\"wp-image-5737\" srcset=\"https:\/\/cardenal-newman.edu\/media\/PHOTO-2022-03-27-21-49-21-1-1024x682.jpg 1024w, https:\/\/cardenal-newman.edu\/media\/PHOTO-2022-03-27-21-49-21-1-300x200.jpg 300w, https:\/\/cardenal-newman.edu\/media\/PHOTO-2022-03-27-21-49-21-1-768x512.jpg 768w, https:\/\/cardenal-newman.edu\/media\/PHOTO-2022-03-27-21-49-21-1-240x160.jpg 240w, https:\/\/cardenal-newman.edu\/media\/PHOTO-2022-03-27-21-49-21-1-600x400.jpg 600w, https:\/\/cardenal-newman.edu\/media\/PHOTO-2022-03-27-21-49-21-1.jpg 1280w\" sizes=\"(max-width: 1024px) 100vw, 1024px\" \/><\/figure>\n\n\n\n<figure class=\"wp-block-image size-large\"><img loading=\"lazy\" width=\"1024\" height=\"879\" data-id=\"5731\"  src=\"https:\/\/cardenal-newman.edu\/media\/PHOTO-2022-03-27-21-55-14-1.jpg\" alt=\"\" class=\"wp-image-5731\" srcset=\"https:\/\/cardenal-newman.edu\/media\/PHOTO-2022-03-27-21-55-14-1.jpg 1024w, https:\/\/cardenal-newman.edu\/media\/PHOTO-2022-03-27-21-55-14-1-300x258.jpg 300w, https:\/\/cardenal-newman.edu\/media\/PHOTO-2022-03-27-21-55-14-1-768x659.jpg 768w, https:\/\/cardenal-newman.edu\/media\/PHOTO-2022-03-27-21-55-14-1-210x180.jpg 210w, https:\/\/cardenal-newman.edu\/media\/PHOTO-2022-03-27-21-55-14-1-600x515.jpg 600w\" sizes=\"(max-width: 1024px) 100vw, 1024px\" \/><\/figure>\n<\/figure>\n\n\n\n<p>Gracias a la Asociaci\u00f3n de exalumnos por su entrega y compromiso que nos afianza como comunidad. \u00a1Gracias especialmente a Marcos Monpelat, ex presidente que sigue acompa\u00f1ando y a Lobo Lowenthal, actual presidente por liderar junto a sus equipos!.&nbsp;<\/p>\n","protected":false},"excerpt":{"rendered":"<p>Emocionante la Misa de la Asociaci\u00f3n de Ex alumnos esta semana con la presencia de los delegados de cada camada y la gracia de un altar a pleno con las vocaciones sacerdotales que crecieron en Newman: P. Buby Pinto, Toki Morea, Ruso Alvarado, Juampi Contepomi, Jaime Morea, John Emery, Eduardo Casabal, Mart\u00edn Bourdieu, Andr\u00e9s DiCio y Tom\u00e1s Sodor, y el &hellip;<\/p>\n<p class=\"read-more\"> <a class=\"ast-button\" href=\"https:\/\/cardenal-newman.edu\/en\/misa-de-la-asociacion-de-exalumnos\/\"> <span class=\"screen-reader-text\">Misa de la Asociaci\u00f3n de Exalumnos<\/span> Read More \u00bb<\/a><\/p>\n","protected":false},"author":2,"featured_media":5761,"comment_status":"closed","ping_status":"closed","sticky":false,"template":"","format":"standard","meta":{"inline_featured_image":false,"site-sidebar-layout":"default","site-content-layout":"default","ast-global-header-display":"","ast-main-header-display":"","ast-hfb-above-header-display":"","ast-hfb-below-header-display":"","ast-hfb-mobile-header-display":"","site-post-title":"","ast-breadcrumbs-content":"","ast-featured-img":"","footer-sml-layout":"","theme-transparent-header-meta":"","adv-header-id-meta":"","stick-header-meta":"","header-above-stick-meta":"","header-main-stick-meta":"","header-below-stick-meta":""},"categories":[8,2549],"tags":[],"yst_prominent_words":[25,36,128,18,747,1353,3179,1417],"_links":{"self":[{"href":"https:\/\/cardenal-newman.edu\/en\/wp-json\/wp\/v2\/posts\/5702"}],"collection":[{"href":"https:\/\/cardenal-newman.edu\/en\/wp-json\/wp\/v2\/posts"}],"about":[{"href":"https:\/\/cardenal-newman.edu\/en\/wp-json\/wp\/v2\/types\/post"}],"author":[{"embeddable":true,"href":"https:\/\/cardenal-newman.edu\/en\/wp-json\/wp\/v2\/users\/2"}],"replies":[{"embeddable":true,"href":"https:\/\/cardenal-newman.edu\/en\/wp-json\/wp\/v2\/comments?post=5702"}],"version-history":[{"count":1,"href":"https:\/\/cardenal-newman.edu\/en\/wp-json\/wp\/v2\/posts\/5702\/revisions"}],"predecessor-version":[{"id":5763,"href":"https:\/\/cardenal-newman.edu\/en\/wp-json\/wp\/v2\/posts\/5702\/revisions\/5763"}],"wp:featuredmedia":[{"embeddable":true,"href":"https:\/\/cardenal-newman.edu\/en\/wp-json\/wp\/v2\/media\/5761"}],"wp:attachment":[{"href":"https:\/\/cardenal-newman.edu\/en\/wp-json\/wp\/v2\/media?parent=5702"}],"wp:term":[{"taxonomy":"category","embeddable":true,"href":"https:\/\/cardenal-newman.edu\/en\/wp-json\/wp\/v2\/categories?post=5702"},{"taxonomy":"post_tag","embeddable":true,"href":"https:\/\/cardenal-newman.edu\/en\/wp-json\/wp\/v2\/tags?post=5702"},{"taxonomy":"yst_prominent_words","embeddable":true,"href":"https:\/\/cardenal-newman.edu\/en\/wp-json\/wp\/v2\/yst_prominent_words?post=5702"}],"curies":[{"name":"wp","href":"https:\/\/api.w.org\/{rel}","templated":true}]}}