{"id":5882,"date":"2022-04-22T10:43:00","date_gmt":"2022-04-22T13:43:00","guid":{"rendered":"https:\/\/cardenal-newman.edu\/?p=5882"},"modified":"2022-05-19T09:15:39","modified_gmt":"2022-05-19T12:15:39","slug":"el-planeta-es-nuestra-casa-no-es-una-frase-hecha","status":"publish","type":"post","link":"https:\/\/cardenal-newman.edu\/en\/el-planeta-es-nuestra-casa-no-es-una-frase-hecha\/","title":{"rendered":"&#8220;El Planeta, nuestra casa&#8221; no es una frase hecha"},"content":{"rendered":"\n<p><strong>Por Daniel Devincenzi. <\/strong>El origen de la celebraci\u00f3n del D\u00eda de la Tierra se remonta al 22 de abril de 1970, ese d\u00eda y con el objetivo de pedir la creaci\u00f3n de una agencia ambiental, se realiz\u00f3 una multitudinaria manifestaci\u00f3n en los EEUU que desemboc\u00f3 en la creaci\u00f3n de la Agencia de Protecci\u00f3n Ambiental.<\/p>\n\n\n\n<p>Desde 1990, La Asamblea General de las Naciones Unidas cambia su nombre por el e D\u00eda Internacional de la Madre Tierra y esto se debe a que Madre Tierra es una expresi\u00f3n com\u00fan utilizada para referirse al planeta Tierra en diversos pa\u00edses y regiones, lo que demuestra la interdependencia existente entre los seres humanos, las dem\u00e1s especies vivas y el planeta que todos habitamos.<\/p>\n\n\n\n<p>Cuando el hombre moderno abandon\u00f3 \u00c1frica, hace 130 mil a\u00f1os, era un peque\u00f1o grupo de alrededor de 300 a 500 personas. Estuvimos a punto de extinguirnos, pero nuestro esp\u00edritu de lucha, de aventurero, nuestra imaginaci\u00f3n e inventiva y tambi\u00e9n, un poco de suerte, lo evit\u00f3. Hace 2.000 a\u00f1os, s\u00f3lo alrededor de 300 millones de personas viv\u00edan en la Tierra.<br>Desde 1750 en adelante la tasa de crecimiento se empez\u00f3 a acelerar. Las personas empezaron a vivir m\u00e1s. El progreso cient\u00edfico y tecnol\u00f3gico, fue el responsable de este espectacular crecimiento.<br>En 1950, la poblaci\u00f3n mundial era de 2.600 millones de personas. Se alcanzaron los 5.000 millones en 1987 y, en 1999, los 6.000 millones. En octubre de 2011, se estimaba que la poblaci\u00f3n mundial era de 7.000 millones de personas.<br>Se espera que la poblaci\u00f3n mundial aumente en 2.000 millones de personas en los pr\u00f3ximos 28 a\u00f1os, pasando de los 7.700 millones actuales a los 9.700 millones en 2050, pudiendo llegar a un pico de cerca de 11.200 millones para 2100.<\/p>\n\n\n\n<p>Cada segundo nacen 3 personas en el mundo y para sostener a la poblaci\u00f3n resultante cada 7 segundos se pierde una hect\u00e1rea de tierra productiva, es decir tierra de cultivo, pastos y bosques.<\/p>\n\n\n\n<p><strong>\u00bfQu\u00e9 nos dicen estos n\u00fameros?<\/strong><\/p>\n\n\n\n<p><strong>Que vivimos en un planeta con recursos finitos. <\/strong>Lo vemos tan grande que parece infinito, inacabable, pero no lo es.<br>Que existe evidencia cient\u00edfica, no una opini\u00f3n, evidencia cient\u00edfica de que nuestro accionar est\u00e1 poniendo en peligro el equilibrio ambiental y biol\u00f3gico del planeta. Hace 65 millones de a\u00f1os, un asteroide acab\u00f3 con los Dinosaurios y con el 75% de la vida en la Tierra.<br>Hoy ha comenzado otra extinci\u00f3n masiva, pero esta vez el asteroide somos nosotros.<br>Ya hemos destruido dos tercios de las selvas tropicales del planeta, la mitad de los arrecifes de coral y el 87% de todos los humedales. Hoy, un mill\u00f3n de especies est\u00e1n al borde mismo de la extinci\u00f3n.<br><strong>Que debemos exigir <\/strong>a nuestros Gobiernos <strong>la aplicaci\u00f3n de las Resoluciones<\/strong>,<strong> de los Tratados y Acuerdos tanto internacionales, como regionales y locales.<\/strong><br><strong>Que la sociedad, es decir, todos nosotros, tenemos que contribuir con nuestras acciones a crear un estilo de vida que sea sustentable<\/strong>.<br>Estamos en una carrera contra el tiempo. El cambio clim\u00e1tico no nos espera, el da\u00f1o a nuestros ecosistemas no nos espera, la desigualdad en la distribuci\u00f3n de la riqueza tampoco, el cambio est\u00e1 en marcha.<\/p>\n\n\n\n<p>Podr\u00eda seguir enunciando datos que avalar\u00edan el da\u00f1o que estamos ocasionando al planeta y a la vida que sustenta, pero tal vez una alegor\u00eda sea m\u00e1s representativa: Imaginen si en nuestro hogar comenz\u00e1ramos a generar basura en forma descontrolada, producir ruidos intensos, quemar papeles y dem\u00e1s sustancias que deterioren nuestro aire, agotar el agua y los alimentos y adem\u00e1s nos hacinamos\u2026 f\u00e1cilmente podr\u00edamos mudarnos de casa o departamento&#8221;, &#8220;lo mismo estamos haciendo a escala global, con la \u00fanica y gran diferencia que ser\u00e1 muy dif\u00edcil mudarnos del planeta.<\/p>\n\n\n\n<p><strong>El planeta Tierra es nuestro hogar, no es una simple frase<\/strong>, nos brinda los medios para cultivar nuestros alimentos, el espacio y los materiales para construir nuestras viviendas, la energ\u00eda para calentarlas y enfriarlas, el agua para nuestros jardines y ba\u00f1os, un lugar para desechar nuestra basura, la madera o el pl\u00e1stico para armar nuestros muebles, la fibra para producir nuestra ropa, los metales para fabricar nuestros electrodom\u00e9sticos y autom\u00f3viles, el petr\u00f3leo para nuestro transporte y cualquier cosa necesaria para hacer nuestros aparatos y dem\u00e1s cosas.<br>El planeta Tierra es nuestro hogar y todo da\u00f1o que sufra lo sufrimos, todo est\u00e1 relacionado.<\/p>\n\n\n\n<blockquote class=\"wp-block-quote\"><p><br><strong>Imaginen un puente<\/strong>. A un lado del mismo se encuentran aquellos que no quieren ver lo que ocurre, los que no les importa, los negadores del cambio, los que nos llevan para atr\u00e1s, el pasado. Sobre el puente est\u00e1n los que han iniciado la transici\u00f3n, los que est\u00e1n cruzando, de apoco, con preguntas, con incertidumbre pero cruzando. Muchos se encuentra all\u00ed. El presente. Del otro lado del puente est\u00e1n los visionarios, los emprendedores, los constructores, son muchos y est\u00e1n en todos los lugares de la sociedad, tal vez con menos poder, todav\u00eda, que los del otro lado, pero son la esperanza, el futuro.<\/p><\/blockquote>\n\n\n\n<p>Espero que, al igual que hace 130 mil a\u00f1os cuando salimos de \u00c1frica y estuvimos a punto de extinguirnos, ese mismo esp\u00edritu de lucha, de aventurero, la imaginaci\u00f3n e inventiva nos lleve a cruzar el puente. \u00a1Ya no hay m\u00e1s excusas para no actuar! Por nosotros, por nuestros hijos y sus hijos, por la humanidad y por toda la vida. Crucemos.<\/p>\n\n\n\n<pre class=\"wp-block-code\"><code>                              <\/code><\/pre>\n","protected":false},"excerpt":{"rendered":"<p>Por Daniel Devincenzi. El origen de la celebraci\u00f3n del D\u00eda de la Tierra se remonta al 22 de abril de 1970, ese d\u00eda y con el objetivo de pedir la creaci\u00f3n de una agencia ambiental, se realiz\u00f3 una multitudinaria manifestaci\u00f3n en los EEUU que desemboc\u00f3 en la creaci\u00f3n de la Agencia de Protecci\u00f3n Ambiental. Desde 1990, La Asamblea General de &hellip;<\/p>\n<p class=\"read-more\"> <a class=\"ast-button\" href=\"https:\/\/cardenal-newman.edu\/en\/el-planeta-es-nuestra-casa-no-es-una-frase-hecha\/\"> <span class=\"screen-reader-text\">&#8220;El Planeta, nuestra casa&#8221; no es una frase hecha<\/span> Read More \u00bb<\/a><\/p>\n","protected":false},"author":2,"featured_media":5883,"comment_status":"closed","ping_status":"closed","sticky":false,"template":"","format":"standard","meta":{"inline_featured_image":false,"site-sidebar-layout":"default","site-content-layout":"default","ast-global-header-display":"","ast-main-header-display":"","ast-hfb-above-header-display":"","ast-hfb-below-header-display":"","ast-hfb-mobile-header-display":"","site-post-title":"","ast-breadcrumbs-content":"","ast-featured-img":"","footer-sml-layout":"","theme-transparent-header-meta":"","adv-header-id-meta":"","stick-header-meta":"","header-above-stick-meta":"","header-main-stick-meta":"","header-below-stick-meta":""},"categories":[2549],"tags":[],"yst_prominent_words":[208,97,61],"_links":{"self":[{"href":"https:\/\/cardenal-newman.edu\/en\/wp-json\/wp\/v2\/posts\/5882"}],"collection":[{"href":"https:\/\/cardenal-newman.edu\/en\/wp-json\/wp\/v2\/posts"}],"about":[{"href":"https:\/\/cardenal-newman.edu\/en\/wp-json\/wp\/v2\/types\/post"}],"author":[{"embeddable":true,"href":"https:\/\/cardenal-newman.edu\/en\/wp-json\/wp\/v2\/users\/2"}],"replies":[{"embeddable":true,"href":"https:\/\/cardenal-newman.edu\/en\/wp-json\/wp\/v2\/comments?post=5882"}],"version-history":[{"count":5,"href":"https:\/\/cardenal-newman.edu\/en\/wp-json\/wp\/v2\/posts\/5882\/revisions"}],"predecessor-version":[{"id":6061,"href":"https:\/\/cardenal-newman.edu\/en\/wp-json\/wp\/v2\/posts\/5882\/revisions\/6061"}],"wp:featuredmedia":[{"embeddable":true,"href":"https:\/\/cardenal-newman.edu\/en\/wp-json\/wp\/v2\/media\/5883"}],"wp:attachment":[{"href":"https:\/\/cardenal-newman.edu\/en\/wp-json\/wp\/v2\/media?parent=5882"}],"wp:term":[{"taxonomy":"category","embeddable":true,"href":"https:\/\/cardenal-newman.edu\/en\/wp-json\/wp\/v2\/categories?post=5882"},{"taxonomy":"post_tag","embeddable":true,"href":"https:\/\/cardenal-newman.edu\/en\/wp-json\/wp\/v2\/tags?post=5882"},{"taxonomy":"yst_prominent_words","embeddable":true,"href":"https:\/\/cardenal-newman.edu\/en\/wp-json\/wp\/v2\/yst_prominent_words?post=5882"}],"curies":[{"name":"wp","href":"https:\/\/api.w.org\/{rel}","templated":true}]}}